{"id":113045,"date":"2024-01-12T14:50:41","date_gmt":"2024-01-12T17:50:41","guid":{"rendered":"https:\/\/www.actualidadadiario.com\/?p=113045"},"modified":"2024-01-12T14:50:41","modified_gmt":"2024-01-12T17:50:41","slug":"refuerzan-trabajo-con-provincias-para-control-y-prevencion-de-encefalitis-equina","status":"publish","type":"post","link":"https:\/\/www.actualidadadiario.com\/index.php\/2024\/01\/12\/refuerzan-trabajo-con-provincias-para-control-y-prevencion-de-encefalitis-equina\/","title":{"rendered":"Refuerzan trabajo con provincias para control y prevenci\u00f3n de encefalitis equina"},"content":{"rendered":"<p style=\"text-align: center;\"><em><strong>El Senasa acord\u00f3 con las provincias que presentan la mayor cantidad de casos, como Buenos Aires, C\u00f3rdoba, Santa Fe y Entre R\u00edos, &#8220;trabajar coordinadamente y de manera prioritaria en la implementaci\u00f3n de las acciones de prevenci\u00f3n&#8221;<\/strong><\/em><\/p>\n<p>&nbsp;<\/p>\n<p>&nbsp;<\/p>\n<p>Autoridades del Ministerio de Salud y el Senasa se reunieron con el objetivo de reforzar las acciones de vigilancia y control de la Encefalitis Equina del Oeste (EEO), a trav\u00e9s del trabajo conjunto con las provincias para realizar tareas de prevenci\u00f3n,.<\/p>\n<p>De la Sala de Situaci\u00f3n participaron, adem\u00e1s, las direcciones de Epidemiolog\u00eda, de Control de Enfermedades Transmitidas por Vectores, la Coordinaci\u00f3n de Zoonosis, la Unidad de Gesti\u00f3n Integral del Riesgo en Salud, el Instituto Nacional de Enfermedades Virales Humanas &#8220;Dr. Julio I. Maiztegui&#8221; y la Organizaci\u00f3n Panamericana de la Salud Argentina.<\/p>\n<p>En el encuentro, se present\u00f3 la situaci\u00f3n epidemiol\u00f3gica actualizada, tanto de la enfermedad en humanos, como en animales y de la distribuci\u00f3n y comportamiento del mosquito vector, en una serie de medidas integradas desde la estrategia, denominada: &#8220;Una Salud&#8221;.<\/p>\n<p>La meta de la reuni\u00f3n residi\u00f3 en &#8220;establecer estrategias conjuntas de comunicaci\u00f3n y concientizaci\u00f3n, y vigilancia en \u00e1reas centinelas&#8221;, en el marco de la Unidad para la Gesti\u00f3n Integral del Riesgo en Salud (Girsal).<\/p>\n<p>En ese sentido, el Senasa acord\u00f3 con los ministerios provinciales, especialmente las que presentan la mayor cantidad de casos en equinos, como Buenos Aires, C\u00f3rdoba, Santa Fe y Entre R\u00edos, &#8220;trabajar coordinadamente y de manera prioritaria en la implementaci\u00f3n de las acciones de prevenci\u00f3n de la enfermedad&#8221;<\/p>\n<p>El trabajo conjunto hace foco en el control y prevenci\u00f3n de la picadura del mosquito vector, en la vacunaci\u00f3n en el caso de los equinos y las notificaciones tempranas, a la vez que convoc\u00f3 a todas las provincias a sumarse a las acciones de comunicaci\u00f3n y concientizaci\u00f3n para la poblaci\u00f3n.<\/p>\n<p>Adem\u00e1s, el Senasa trabaja junto con los laboratorios proveedores de vacunas para equinos para agilizar la aprobaci\u00f3n de nuevas series de dosis de vacunas y la distribuci\u00f3n prioritaria a las provincias y regiones m\u00e1s afectadas, se\u00f1alaron.<\/p>\n<p>En relaci\u00f3n a la prevenci\u00f3n vectorial, la meta con las jurisdicciones afectadas es reforzar las medidas de saneamiento ambiental, como as\u00ed tambi\u00e9n el desmalezado de los predios y el drenaje de zonas anegables, y reforzar las medidas de protecci\u00f3n personal para evitar picaduras.<\/p>\n<p>Desde el inicio de la emergencia, se distribuyeron m\u00e1s de 2,5 millones de dosis de la vacuna y un laboratorio de producci\u00f3n nacional contin\u00faa elabor\u00e1ndola en vol\u00famenes suficientes para atender la demanda.<\/p>\n<p>A partir de la alerta epidemiol\u00f3gica que emiti\u00f3 el Ministerio de Salud el 28 de noviembre pasado, en funci\u00f3n de la confirmaci\u00f3n de casos en equinos por parte del Senasa, se puso en marcha la vigilancia epidemiol\u00f3gica en humanos, lo que permiti\u00f3 detectar la primera persona afectada por el virus en la provincia de Santa Fe.<\/p>\n","protected":false},"excerpt":{"rendered":"<p>El Senasa acord\u00f3 con las provincias que presentan la mayor cantidad de casos, como Buenos Aires, C\u00f3rdoba, Santa Fe y Entre R\u00edos, &#8220;trabajar coordinadamente y de manera prioritaria en la implementaci\u00f3n de las acciones de prevenci\u00f3n&#8221; &nbsp; &nbsp; Autoridades del Ministerio de Salud y el Senasa se reunieron con el objetivo de reforzar las acciones de vigilancia y control de la Encefalitis Equina del Oeste (EEO), a trav\u00e9s del trabajo conjunto con las provincias para realizar tareas de prevenci\u00f3n,. De la Sala de Situaci\u00f3n participaron, adem\u00e1s, las direcciones de Epidemiolog\u00eda,&#8230;<\/p>\n","protected":false},"author":3,"featured_media":111525,"comment_status":"closed","ping_status":"closed","sticky":false,"template":"","format":"standard","meta":[],"categories":[2],"tags":[],"_links":{"self":[{"href":"https:\/\/www.actualidadadiario.com\/index.php\/wp-json\/wp\/v2\/posts\/113045"}],"collection":[{"href":"https:\/\/www.actualidadadiario.com\/index.php\/wp-json\/wp\/v2\/posts"}],"about":[{"href":"https:\/\/www.actualidadadiario.com\/index.php\/wp-json\/wp\/v2\/types\/post"}],"author":[{"embeddable":true,"href":"https:\/\/www.actualidadadiario.com\/index.php\/wp-json\/wp\/v2\/users\/3"}],"replies":[{"embeddable":true,"href":"https:\/\/www.actualidadadiario.com\/index.php\/wp-json\/wp\/v2\/comments?post=113045"}],"version-history":[{"count":1,"href":"https:\/\/www.actualidadadiario.com\/index.php\/wp-json\/wp\/v2\/posts\/113045\/revisions"}],"predecessor-version":[{"id":113046,"href":"https:\/\/www.actualidadadiario.com\/index.php\/wp-json\/wp\/v2\/posts\/113045\/revisions\/113046"}],"wp:featuredmedia":[{"embeddable":true,"href":"https:\/\/www.actualidadadiario.com\/index.php\/wp-json\/wp\/v2\/media\/111525"}],"wp:attachment":[{"href":"https:\/\/www.actualidadadiario.com\/index.php\/wp-json\/wp\/v2\/media?parent=113045"}],"wp:term":[{"taxonomy":"category","embeddable":true,"href":"https:\/\/www.actualidadadiario.com\/index.php\/wp-json\/wp\/v2\/categories?post=113045"},{"taxonomy":"post_tag","embeddable":true,"href":"https:\/\/www.actualidadadiario.com\/index.php\/wp-json\/wp\/v2\/tags?post=113045"}],"curies":[{"name":"wp","href":"https:\/\/api.w.org\/{rel}","templated":true}]}}