{"id":113043,"date":"2024-01-12T14:49:52","date_gmt":"2024-01-12T17:49:52","guid":{"rendered":"https:\/\/www.actualidadadiario.com\/?p=113043"},"modified":"2024-01-12T14:49:52","modified_gmt":"2024-01-12T17:49:52","slug":"mas-casos-de-covid-quienes-deben-volver-a-vacunarse-segun-los-especialistas","status":"publish","type":"post","link":"https:\/\/www.actualidadadiario.com\/index.php\/2024\/01\/12\/mas-casos-de-covid-quienes-deben-volver-a-vacunarse-segun-los-especialistas\/","title":{"rendered":"M\u00e1s casos de Covid: qui\u00e9nes deben volver a vacunarse, seg\u00fan los especialistas"},"content":{"rendered":"<p style=\"text-align: center;\"><em><strong>Tras el incremento de contagios, los infect\u00f3logos fomentan la aplicaci\u00f3n de dosis de refuerzo y los cuidados para evitar la propagaci\u00f3n de la enfermedad. \u201cHay que convencer a la poblaci\u00f3n de que la enfermedad no desapareci\u00f3\u201d, dicen<\/strong><\/em><\/p>\n<p>&nbsp;<\/p>\n<p>&nbsp;<\/p>\n<p>Tras el aumento de casos de Covid-19 en las \u00faltimas semanas, se reaviv\u00f3 la inc\u00f3gnita de si es necesario volver a vacunarse y qu\u00e9 poblaci\u00f3n deber\u00eda hacerlo. Fern\u00e1n Quir\u00f3s, ministro de Salud porte\u00f1o, remarc\u00f3 en que la infecci\u00f3n por SARS-CoV-2 se convirti\u00f3 en una m\u00e1s de las enfermedades respiratorias existentes, pero recomend\u00f3 mantenerse al d\u00eda con la inmunizaci\u00f3n que, en la ciudad, est\u00e1 disponible en diferentes centros de manera gratuita. Tambi\u00e9n advirti\u00f3 acerca de la suba de casos y se\u00f1al\u00f3 que \u201cson mucho menos graves que antes\u201d. En la misma l\u00ednea, infect\u00f3logos destacan que el virus no desapareci\u00f3 y aconsejan seguir adelante con el esquema de vacunaci\u00f3n y ciertos cuidados.<\/p>\n<p>\u201cSeg\u00fan las recomendaciones del ministerio [de Salud de la Naci\u00f3n], hay que seguir vacun\u00e1ndose porque hay Covid. La vacuna es importante para uno mismo y para la comunidad. Cuanto menos gente haya con Covid, menos se va a difundir\u201d, coment\u00f3 Lautaro De Vedia, m\u00e9dico y expresidente de la Sociedad Argentina de Infectolog\u00eda.<\/p>\n<p>Refiri\u00e9ndose al repunte de casos registrado en las \u00faltimas semanas, sostuvo que \u201cno tiene nada que ver\u201d la magnitud con la situaci\u00f3n que se vivi\u00f3 tiempo atr\u00e1s, durante el auge de la pandemia. Tambi\u00e9n mencion\u00f3 que \u201cno importa tanto el n\u00famero de dosis, si no que su aplicaci\u00f3n sea cada seis meses\u201d.<\/p>\n<p>Eduardo L\u00f3pez, jefe del Departamento de Medicina del Hospital de Ni\u00f1os Ricardo Guti\u00e9rrez, se refiri\u00f3 al desarrollo actual de la enfermedad como \u201cuna infecci\u00f3n por goteo\u201d, es decir que hay casos aislados que se van repitiendo a trav\u00e9s del tiempo. \u201cSi bien hubo un aumento de casos, no es muy significativo. Una manera de evitar que el Covid siga provocando esto, es vacunarse. Hay que convencer a la poblaci\u00f3n de que la enfermedad no desapareci\u00f3. En general teniendo seis dosis, uno est\u00e1 adecuadamente vacunado. Luego, debemos esperar el per\u00edodo de 6 a 8 meses para volver a vacunarnos\u201d, detall\u00f3 para aquellos individuos que no padezcan enfermedades cr\u00f3nicas o graves.<\/p>\n<p>\u201cSe est\u00e1 vacunando muy poca gente. Unos 2 millones y medio de personas se aplicaron la quinta dosis, el tercer refuerzo. Esto es menos del 7% de la poblaci\u00f3n\u201d, continu\u00f3. Ejemplific\u00f3 que el martes pasado se aplicaron 3350 vacunas en todo el pa\u00eds. \u201cEs un n\u00famero muy bajo. El 9 de enero de 2023 se aplicaron 88.508 dosis. Esto significa que no hay una vacunaci\u00f3n adecuada. Los vacunatorios tienen que ser de f\u00e1cil acceso, es decir que los fines de semana est\u00e9n abiertos para que la gente que trabaja pueda ir y, adem\u00e1s, hay que empezar a evaluar, seg\u00fan el n\u00famero de casos, si es necesario implementar el m\u00e9todo r\u00e1pido para hisopar. Todos tendr\u00edan que tener no menos de seis dosis y, adem\u00e1s, tener una o dos dosis de bivalente\u201d, dijo L\u00f3pez.<\/p>\n<p>En cuanto a la campa\u00f1a de vacunaci\u00f3n, remarc\u00f3 la importancia de que se difunda en los medios p\u00fablicos, especialmente antes de que empiece el fr\u00edo, que es cuando suele haber un incremento de casos porque las personas se agrupan y hay ambientes mal ventilados, lo que contribuye a la proliferaci\u00f3n del virus.<\/p>\n<p>\u201cA los pacientes les recomendamos evitar aglomeraciones, mantener los ambientes ventilados, el lavado frecuente de manos y, cuando tienen cuadros respiratorios, que no vayan a trabajar y consulten a un m\u00e9dico. El uso del barbijo no se justifica hoy en la Argentina, pero s\u00ed los cuidados generales\u201d, afirm\u00f3.<\/p>\n<p>&nbsp;<\/p>\n<p><strong>Las recomendaciones oficiales<\/strong><\/p>\n<p>Seg\u00fan el Ministerio de Salud de la Naci\u00f3n, las personas mayores de 50 a\u00f1os, gestantes o que est\u00e1n inmunocomprometidas requieren la aplicaci\u00f3n de una dosis de refuerzo a los seis meses de la anterior y continuar con la misma periodicidad.<\/p>\n<p>En lo que respecta a personas menores de 50 a\u00f1os que padecen enfermedades cr\u00f3nicas u obesidad, personal de salud o personal estrat\u00e9gico deben recibir una dosis de refuerzo a los seis meses desde la \u00faltima dosis aplicada y seguir con una periodicidad anual.<\/p>\n<p>Por \u00faltimo, a las personas entre seis meses y 49 a\u00f1os inclusive sin comorbilidades se les sugiere que se apliquen una dosis de refuerzo a los 12 meses de la \u00faltima recibida y luego continuar con una periodicidad anual.<\/p>\n<p>Con respecto a las vacunas utilizadas en la Argentina contra el Covid, el Ministerio de Salud record\u00f3 que \u201cson seguras y eficaces, y se pueden administrar con otras vacunas del calendario el mismo d\u00eda, en d\u00edas diferentes o sin intervalos m\u00ednimos entre ellas\u201d.<\/p>\n","protected":false},"excerpt":{"rendered":"<p>Tras el incremento de contagios, los infect\u00f3logos fomentan la aplicaci\u00f3n de dosis de refuerzo y los cuidados para evitar la propagaci\u00f3n de la enfermedad. \u201cHay que convencer a la poblaci\u00f3n de que la enfermedad no desapareci\u00f3\u201d, dicen &nbsp; &nbsp; Tras el aumento de casos de Covid-19 en las \u00faltimas semanas, se reaviv\u00f3 la inc\u00f3gnita de si es necesario volver a vacunarse y qu\u00e9 poblaci\u00f3n deber\u00eda hacerlo. Fern\u00e1n Quir\u00f3s, ministro de Salud porte\u00f1o, remarc\u00f3 en que la infecci\u00f3n por SARS-CoV-2 se convirti\u00f3 en una m\u00e1s de las enfermedades respiratorias existentes, pero&#8230;<\/p>\n","protected":false},"author":3,"featured_media":108475,"comment_status":"closed","ping_status":"closed","sticky":false,"template":"","format":"standard","meta":[],"categories":[2],"tags":[],"_links":{"self":[{"href":"https:\/\/www.actualidadadiario.com\/index.php\/wp-json\/wp\/v2\/posts\/113043"}],"collection":[{"href":"https:\/\/www.actualidadadiario.com\/index.php\/wp-json\/wp\/v2\/posts"}],"about":[{"href":"https:\/\/www.actualidadadiario.com\/index.php\/wp-json\/wp\/v2\/types\/post"}],"author":[{"embeddable":true,"href":"https:\/\/www.actualidadadiario.com\/index.php\/wp-json\/wp\/v2\/users\/3"}],"replies":[{"embeddable":true,"href":"https:\/\/www.actualidadadiario.com\/index.php\/wp-json\/wp\/v2\/comments?post=113043"}],"version-history":[{"count":1,"href":"https:\/\/www.actualidadadiario.com\/index.php\/wp-json\/wp\/v2\/posts\/113043\/revisions"}],"predecessor-version":[{"id":113044,"href":"https:\/\/www.actualidadadiario.com\/index.php\/wp-json\/wp\/v2\/posts\/113043\/revisions\/113044"}],"wp:featuredmedia":[{"embeddable":true,"href":"https:\/\/www.actualidadadiario.com\/index.php\/wp-json\/wp\/v2\/media\/108475"}],"wp:attachment":[{"href":"https:\/\/www.actualidadadiario.com\/index.php\/wp-json\/wp\/v2\/media?parent=113043"}],"wp:term":[{"taxonomy":"category","embeddable":true,"href":"https:\/\/www.actualidadadiario.com\/index.php\/wp-json\/wp\/v2\/categories?post=113043"},{"taxonomy":"post_tag","embeddable":true,"href":"https:\/\/www.actualidadadiario.com\/index.php\/wp-json\/wp\/v2\/tags?post=113043"}],"curies":[{"name":"wp","href":"https:\/\/api.w.org\/{rel}","templated":true}]}}