{"id":113037,"date":"2024-01-12T13:18:15","date_gmt":"2024-01-12T16:18:15","guid":{"rendered":"https:\/\/www.actualidadadiario.com\/?p=113037"},"modified":"2024-01-12T13:18:15","modified_gmt":"2024-01-12T16:18:15","slug":"michel-critico-a-frigerio-por-facilitador-del-gobierno-nacional","status":"publish","type":"post","link":"https:\/\/www.actualidadadiario.com\/index.php\/2024\/01\/12\/michel-critico-a-frigerio-por-facilitador-del-gobierno-nacional\/","title":{"rendered":"Michel critic\u00f3 a Frigerio por &#8220;facilitador del gobierno nacional&#8221;"},"content":{"rendered":"<p style=\"text-align: center;\"><em><strong>Guillermo Michel, exdirector General de Aduanas, interpel\u00f3 a Rogelio Frigerio luego de que el gobernador comunicara su apoyo &#8220;a la mayor\u00eda&#8221; de la Ley \u00d3mnibus<\/strong><\/em><\/p>\n<p>&nbsp;<\/p>\n<p>&nbsp;<\/p>\n<p>\u201cLa ley \u2018\u00f3mnibus\u2019 afecta a nuestra provincia. Pero el gobernador Rogelio Frigerio no se enter\u00f3 que los entrerrianos lo eligieron para defender los intereses de la provincia, no para ser un facilitador del gobierno nacional\u201d, poste\u00f3 Michel en sus redes sociales.<\/p>\n<p>Agreg\u00f3 que \u201cla suba de retenciones impacta negativamente en las econom\u00edas regionales entrerrianas\u201d. \u201cLa baja del impuesto sobre los bienes personales que favorece a los patrimonios en el exterior reduce en -0,2% del PIB la coparticipaci\u00f3n de las provincias, y la reforma electoral le quita un diputado a Entre R\u00edos y le da 17 a la PBA. Gobernador, piense en su provincia. Y en los entrerrianos\u201d, expres\u00f3 por \u00faltimo.<\/p>\n","protected":false},"excerpt":{"rendered":"<p>Guillermo Michel, exdirector General de Aduanas, interpel\u00f3 a Rogelio Frigerio luego de que el gobernador comunicara su apoyo &#8220;a la mayor\u00eda&#8221; de la Ley \u00d3mnibus &nbsp; &nbsp; \u201cLa ley \u2018\u00f3mnibus\u2019 afecta a nuestra provincia. Pero el gobernador Rogelio Frigerio no se enter\u00f3 que los entrerrianos lo eligieron para defender los intereses de la provincia, no para ser un facilitador del gobierno nacional\u201d, poste\u00f3 Michel en sus redes sociales. Agreg\u00f3 que \u201cla suba de retenciones impacta negativamente en las econom\u00edas regionales entrerrianas\u201d. \u201cLa baja del impuesto sobre los bienes personales que&#8230;<\/p>\n","protected":false},"author":3,"featured_media":113038,"comment_status":"closed","ping_status":"closed","sticky":false,"template":"","format":"standard","meta":[],"categories":[15],"tags":[],"_links":{"self":[{"href":"https:\/\/www.actualidadadiario.com\/index.php\/wp-json\/wp\/v2\/posts\/113037"}],"collection":[{"href":"https:\/\/www.actualidadadiario.com\/index.php\/wp-json\/wp\/v2\/posts"}],"about":[{"href":"https:\/\/www.actualidadadiario.com\/index.php\/wp-json\/wp\/v2\/types\/post"}],"author":[{"embeddable":true,"href":"https:\/\/www.actualidadadiario.com\/index.php\/wp-json\/wp\/v2\/users\/3"}],"replies":[{"embeddable":true,"href":"https:\/\/www.actualidadadiario.com\/index.php\/wp-json\/wp\/v2\/comments?post=113037"}],"version-history":[{"count":2,"href":"https:\/\/www.actualidadadiario.com\/index.php\/wp-json\/wp\/v2\/posts\/113037\/revisions"}],"predecessor-version":[{"id":113040,"href":"https:\/\/www.actualidadadiario.com\/index.php\/wp-json\/wp\/v2\/posts\/113037\/revisions\/113040"}],"wp:featuredmedia":[{"embeddable":true,"href":"https:\/\/www.actualidadadiario.com\/index.php\/wp-json\/wp\/v2\/media\/113038"}],"wp:attachment":[{"href":"https:\/\/www.actualidadadiario.com\/index.php\/wp-json\/wp\/v2\/media?parent=113037"}],"wp:term":[{"taxonomy":"category","embeddable":true,"href":"https:\/\/www.actualidadadiario.com\/index.php\/wp-json\/wp\/v2\/categories?post=113037"},{"taxonomy":"post_tag","embeddable":true,"href":"https:\/\/www.actualidadadiario.com\/index.php\/wp-json\/wp\/v2\/tags?post=113037"}],"curies":[{"name":"wp","href":"https:\/\/api.w.org\/{rel}","templated":true}]}}