{"id":113035,"date":"2024-01-12T13:15:24","date_gmt":"2024-01-12T16:15:24","guid":{"rendered":"https:\/\/www.actualidadadiario.com\/?p=113035"},"modified":"2024-01-12T13:15:24","modified_gmt":"2024-01-12T16:15:24","slug":"ate-entre-rios-realizara-asambleas-en-todas-las-dependencias-nacionales-2","status":"publish","type":"post","link":"https:\/\/www.actualidadadiario.com\/index.php\/2024\/01\/12\/ate-entre-rios-realizara-asambleas-en-todas-las-dependencias-nacionales-2\/","title":{"rendered":"ATE Entre R\u00edos realizar\u00e1 asambleas en todas las dependencias nacionales"},"content":{"rendered":"<p style=\"text-align: center;\"><em><strong>El pr\u00f3ximo lunes la Asociaci\u00f3n de Trabajadores del Estado su suma a la Jornada Nacional de Lucha contra de las pol\u00edticas del gobierno de Javier Milei y habr\u00e1 asambleas en las dependencias nacionales<\/strong><\/em><\/p>\n<p>&nbsp;<\/p>\n<p>&nbsp;<\/p>\n<p>En coincidencia con el 99 aniversario del sindicato, el pr\u00f3ximo lunes 15 de enero la Asociaci\u00f3n de Trabajadores del Estado llevar\u00e1 a cabo una Jornada Nacional de Lucha a nivel nacional en contra de las pol\u00edticas del gobierno de Javier Milei.<\/p>\n<p>En Entre R\u00edos, seg\u00fan confirm\u00f3 el secretario General Oscar Muntes, se realizar\u00e1n asambleas en las dependencias nacionales y brindar\u00e1n una conferencia de prensa.<\/p>\n<p>Siendo que qued\u00f3 en manos de cada provincia la definici\u00f3n de la modalidad de protesta, se conoci\u00f3 que en Entre R\u00edos se realizar\u00e1n asambleas en todas las dependencias nacionales.<\/p>\n<p>Seg\u00fan detall\u00f3 Muntes, el gremio tambi\u00e9n realizar\u00e1 \u201cjunto a los sindicatos estatales que estamos sufriendo el ajuste de Milei\u201d una conferencia de prensa. Ser\u00e1 a partir de las 10 en las instalaciones de ATE en Paran\u00e1 (Col\u00f3n 59).<\/p>\n<p>Por \u00faltimo, y seg\u00fan se inform\u00f3, se convocar\u00e1 a todos los delegados de dependencias municipales, provinciales y nacionales de cara al paro general y movilizaci\u00f3n convocado por la CGT para el 24 de enero.<\/p>\n","protected":false},"excerpt":{"rendered":"<p>El pr\u00f3ximo lunes la Asociaci\u00f3n de Trabajadores del Estado su suma a la Jornada Nacional de Lucha contra de las pol\u00edticas del gobierno de Javier Milei y habr\u00e1 asambleas en las dependencias nacionales &nbsp; &nbsp; En coincidencia con el 99 aniversario del sindicato, el pr\u00f3ximo lunes 15 de enero la Asociaci\u00f3n de Trabajadores del Estado llevar\u00e1 a cabo una Jornada Nacional de Lucha a nivel nacional en contra de las pol\u00edticas del gobierno de Javier Milei. En Entre R\u00edos, seg\u00fan confirm\u00f3 el secretario General Oscar Muntes, se realizar\u00e1n asambleas en&#8230;<\/p>\n","protected":false},"author":3,"featured_media":98532,"comment_status":"closed","ping_status":"closed","sticky":false,"template":"","format":"standard","meta":[],"categories":[15],"tags":[],"_links":{"self":[{"href":"https:\/\/www.actualidadadiario.com\/index.php\/wp-json\/wp\/v2\/posts\/113035"}],"collection":[{"href":"https:\/\/www.actualidadadiario.com\/index.php\/wp-json\/wp\/v2\/posts"}],"about":[{"href":"https:\/\/www.actualidadadiario.com\/index.php\/wp-json\/wp\/v2\/types\/post"}],"author":[{"embeddable":true,"href":"https:\/\/www.actualidadadiario.com\/index.php\/wp-json\/wp\/v2\/users\/3"}],"replies":[{"embeddable":true,"href":"https:\/\/www.actualidadadiario.com\/index.php\/wp-json\/wp\/v2\/comments?post=113035"}],"version-history":[{"count":1,"href":"https:\/\/www.actualidadadiario.com\/index.php\/wp-json\/wp\/v2\/posts\/113035\/revisions"}],"predecessor-version":[{"id":113036,"href":"https:\/\/www.actualidadadiario.com\/index.php\/wp-json\/wp\/v2\/posts\/113035\/revisions\/113036"}],"wp:featuredmedia":[{"embeddable":true,"href":"https:\/\/www.actualidadadiario.com\/index.php\/wp-json\/wp\/v2\/media\/98532"}],"wp:attachment":[{"href":"https:\/\/www.actualidadadiario.com\/index.php\/wp-json\/wp\/v2\/media?parent=113035"}],"wp:term":[{"taxonomy":"category","embeddable":true,"href":"https:\/\/www.actualidadadiario.com\/index.php\/wp-json\/wp\/v2\/categories?post=113035"},{"taxonomy":"post_tag","embeddable":true,"href":"https:\/\/www.actualidadadiario.com\/index.php\/wp-json\/wp\/v2\/tags?post=113035"}],"curies":[{"name":"wp","href":"https:\/\/api.w.org\/{rel}","templated":true}]}}