{"id":113033,"date":"2024-01-12T13:14:30","date_gmt":"2024-01-12T16:14:30","guid":{"rendered":"https:\/\/www.actualidadadiario.com\/?p=113033"},"modified":"2024-01-12T13:14:30","modified_gmt":"2024-01-12T16:14:30","slug":"buenos-indicadores-para-el-95-del-maiz-sembrado-en-entre-rios","status":"publish","type":"post","link":"https:\/\/www.actualidadadiario.com\/index.php\/2024\/01\/12\/buenos-indicadores-para-el-95-del-maiz-sembrado-en-entre-rios\/","title":{"rendered":"Buenos indicadores para el 95% del ma\u00edz sembrado en Entre R\u00edos"},"content":{"rendered":"<p style=\"text-align: center;\"><em><strong>La campa\u00f1a agr\u00edcola 2023\/24 en la provincia de Entre R\u00edos abarca aproximadamente 378.900 hect\u00e1reas destinadas al cultivo de ma\u00edz de primera, precis\u00f3 la Bolsa de Cereales de Entre R\u00edos de acuerdo a un informe<\/strong><\/em><\/p>\n<p>&nbsp;<\/p>\n<p>&nbsp;<\/p>\n<p>&nbsp;<\/p>\n<p>El estado fenol\u00f3gico del cultivo var\u00eda de acuerdo con la fecha de siembra y se extiende desde floraci\u00f3n (correspondiente a siembras realizadas a fines de octubre), hasta la etapa de grano dentado, donde el grano pierde humedad (siembras realizadas en agosto y septiembre).<\/p>\n<p>&nbsp;<\/p>\n<p><strong>La condici\u00f3n del cultivo a nivel provincial es la siguiente:<\/strong><\/p>\n<ul>\n<li>Muy buena: 59 %<\/li>\n<li>Buena: 36 %<\/li>\n<li>Regular: 5 %<\/li>\n<\/ul>\n<p>&nbsp;<\/p>\n<p><strong>Clima a favor<\/strong><\/p>\n<p>Destacaron, en el mismo reporte, que las condiciones clim\u00e1ticas han sido favorables para el desarrollo del cultivo, con frecuentes precipitaciones y noches frescas. \u201cEn cuanto al estado sanitario, en l\u00edneas generales es positivo, aunque se han identificado casos de tiz\u00f3n en algunos sitios\u201d, se\u00f1alaron.<\/p>\n<p>En los lotes que se encuentran en floraci\u00f3n, per\u00edodo cr\u00edtico para el desarrollo del ma\u00edz, se evidencia un d\u00e9ficit h\u00eddrico en las plantas. Es crucial que se registren lluvias, fundamentalmente en las zonas oeste y sur de la provincia, para preservar el potencial de rendimiento de los cultivos y evitar p\u00e9rdidas.<\/p>\n<p>&nbsp;<\/p>\n<p><strong>Cosecha en febrero<\/strong><\/p>\n<p>Seg\u00fan los colaboradores del SIBER (es decir, del Sistema Integrado para el seguimiento y estimaci\u00f3n de la producci\u00f3n de cereales y oleaginosas en el territorio entrerriano), se proyecta que a mediados del mes de febrero se inicie la cosecha de los primeros lotes.<\/p>\n","protected":false},"excerpt":{"rendered":"<p>La campa\u00f1a agr\u00edcola 2023\/24 en la provincia de Entre R\u00edos abarca aproximadamente 378.900 hect\u00e1reas destinadas al cultivo de ma\u00edz de primera, precis\u00f3 la Bolsa de Cereales de Entre R\u00edos de acuerdo a un informe &nbsp; &nbsp; &nbsp; El estado fenol\u00f3gico del cultivo var\u00eda de acuerdo con la fecha de siembra y se extiende desde floraci\u00f3n (correspondiente a siembras realizadas a fines de octubre), hasta la etapa de grano dentado, donde el grano pierde humedad (siembras realizadas en agosto y septiembre). &nbsp; La condici\u00f3n del cultivo a nivel provincial es la&#8230;<\/p>\n","protected":false},"author":3,"featured_media":77048,"comment_status":"closed","ping_status":"closed","sticky":false,"template":"","format":"standard","meta":[],"categories":[15],"tags":[],"_links":{"self":[{"href":"https:\/\/www.actualidadadiario.com\/index.php\/wp-json\/wp\/v2\/posts\/113033"}],"collection":[{"href":"https:\/\/www.actualidadadiario.com\/index.php\/wp-json\/wp\/v2\/posts"}],"about":[{"href":"https:\/\/www.actualidadadiario.com\/index.php\/wp-json\/wp\/v2\/types\/post"}],"author":[{"embeddable":true,"href":"https:\/\/www.actualidadadiario.com\/index.php\/wp-json\/wp\/v2\/users\/3"}],"replies":[{"embeddable":true,"href":"https:\/\/www.actualidadadiario.com\/index.php\/wp-json\/wp\/v2\/comments?post=113033"}],"version-history":[{"count":1,"href":"https:\/\/www.actualidadadiario.com\/index.php\/wp-json\/wp\/v2\/posts\/113033\/revisions"}],"predecessor-version":[{"id":113034,"href":"https:\/\/www.actualidadadiario.com\/index.php\/wp-json\/wp\/v2\/posts\/113033\/revisions\/113034"}],"wp:featuredmedia":[{"embeddable":true,"href":"https:\/\/www.actualidadadiario.com\/index.php\/wp-json\/wp\/v2\/media\/77048"}],"wp:attachment":[{"href":"https:\/\/www.actualidadadiario.com\/index.php\/wp-json\/wp\/v2\/media?parent=113033"}],"wp:term":[{"taxonomy":"category","embeddable":true,"href":"https:\/\/www.actualidadadiario.com\/index.php\/wp-json\/wp\/v2\/categories?post=113033"},{"taxonomy":"post_tag","embeddable":true,"href":"https:\/\/www.actualidadadiario.com\/index.php\/wp-json\/wp\/v2\/tags?post=113033"}],"curies":[{"name":"wp","href":"https:\/\/api.w.org\/{rel}","templated":true}]}}