{"id":113030,"date":"2024-01-12T13:11:57","date_gmt":"2024-01-12T16:11:57","guid":{"rendered":"https:\/\/www.actualidadadiario.com\/?p=113030"},"modified":"2024-01-12T13:11:57","modified_gmt":"2024-01-12T16:11:57","slug":"dura-declaracion-de-la-convocatoria-de-la-militancia-peronista-al-rol-del-partido-justicialista-entrerriano","status":"publish","type":"post","link":"https:\/\/www.actualidadadiario.com\/index.php\/2024\/01\/12\/dura-declaracion-de-la-convocatoria-de-la-militancia-peronista-al-rol-del-partido-justicialista-entrerriano\/","title":{"rendered":"Dura declaraci\u00f3n de la convocatoria de la militancia peronista al rol del Partido Justicialista entrerriano"},"content":{"rendered":"<p style=\"text-align: center;\"><em><strong>Agrupaciones peronistas de base, militantes y dirigentes se reunieron este jueves 11 en la sede del PJ de Entre R\u00edos y acordaron 12 puntos a trabajar para enfrentar el DNU del Poder Ejecutivo nacional. Se destac\u00f3 la decisi\u00f3n de \u201cimpulsar entendimientos de base\u201d para \u201carticular una renovaci\u00f3n de autoridades del PJ que se proponga un partido movilizado\u201d. Se destac\u00f3 la presencia del ex diputado provincial, Julio Solanas<\/strong><\/em><\/p>\n<p>&nbsp;<\/p>\n<p>&nbsp;<\/p>\n<p>&nbsp;<\/p>\n<p>Agrupaciones peronistas de base, militantes y dirigentes se reunieron este jueves 11 en la sede del Partido Justicialista (PJ) de Entre R\u00edos en Paran\u00e1 y emitieron un duro comunicado en el que se destac\u00f3 la decisi\u00f3n de impulsar elecciones en el PJ provincial, llamar al congreso y reformar la Carta Org\u00e1nica.<\/p>\n<p>La decisi\u00f3n cobra relevancia habida cuenta que en los \u00faltimos d\u00edas y a partir de la\u00a0 noticia de la convocatoria a elecciones en el PJ, hubo manifestaciones de funcionarios y dirigentes que emitieron sus dudas respecto de la conveniencia de enfrentar un proceso eleccionario de renovaci\u00f3n de autoridades en el actual contexto de crisis econ\u00f3mica, social y pol\u00edtica que atraviesa el pa\u00eds y la provincia. En sentido contrario, el comunicado sostuvo que \u201cestos son tiempos de organizar, de movilizar, de debatir y combatir la entrega de la Patria y el cercenamiento de conquistas de los trabajadores y el pueblo\u201d.<\/p>\n<p>En el comunicado se demand\u00f3 \u201cpor el llamado urgente a un congreso provincial del PJ abierto a toda la militancia peronista para la reforma de la carta org\u00e1nica, la convalidaci\u00f3n del proceso electoral en marcha, la definici\u00f3n de una l\u00ednea pol\u00edtica program\u00e1tica y de enfrentamiento a las pol\u00edticas olig\u00e1rquicas nacionales y provinciales\u201d y \u201cpor un proceso de elecci\u00f3n de autoridades del PJ transparente, con participaci\u00f3n y movilizaci\u00f3n asegurada a todos los afiliados para votar sin proscripciones ni dedo de nadie en favor de nadie\u201d.<\/p>\n<p>Tambi\u00e9n se demand\u00f3 por \u201cun PJ que sea el nervio de tensi\u00f3n y control con los funcionarios electos por el peronismo y no la mordaza a la cr\u00edtica a trav\u00e9s de ejercer la doble funci\u00f3n de funcionario y autoridad partidaria\u201d, que \u201cde representaci\u00f3n a las minor\u00edas en la representaci\u00f3n partidaria y electoral\u201d y que \u201cse proponga la unidad de los peronistas sobre estas bases de modelo partidario y se ponga al frente de la resistencia al gobierno olig\u00e1rquico nacional y provincial promoviendo la organizaci\u00f3n popular en todo el territorio\u201d.<\/p>\n<p>&nbsp;<\/p>\n<p><strong>Ausencia<\/strong><\/p>\n<p>Sin dar nombres propios, se realiz\u00f3 una concreta cr\u00edtica al rol de las conducciones partidarias de los \u00faltimos tiempos. Tras comenzar el comunicado sosteniendo que \u201cel peronismo de Entre R\u00edos estuvo siempre que el pueblo y la provincia lo necesitaron desde la fundaci\u00f3n del peronismo, asegurando las elecciones junto a Per\u00f3n y Evita desde 1946\u201d; recordar que \u201cestuvo en el regreso de Per\u00f3n en el 73 luego de 18 a\u00f1os de proscripci\u00f3n, persecuci\u00f3n pol\u00edtica y entrega de la Naci\u00f3n y el sometimiento del pueblo\u201d; que tambi\u00e9n \u201cestuvo cuando luego de haber sufrido el avasallamiento de la Soberan\u00eda y la Justicia Social por la dictadura genocida, se impuso en el 87 sobre quienes propon\u00edan el \u2018tercer movimiento hist\u00f3rico\u2019 y la muerte del peronismo y abandonaron el poder dejando s\u00f3lo hiperinflaci\u00f3n, pobreza y desempleo\u201d.<\/p>\n<p>Tambi\u00e9n se record\u00f3 que el Justicialismo entrerriano \u201cestuvo cuando se volvi\u00f3 a impulsar la d\u00e9cada ganada de la Justicia Social de la mano de N\u00e9stor y Cristina\u201d; se cuestion\u00f3 que \u201clamentablemente, hoy vemos c\u00f3mo, en un momento de terrible sufrimiento para la Patria y el pueblo de Entre R\u00edos, el PJ brilla por su ausencia en el seno del pueblo, con sus estructuras sin funcionar, sin propuesta pol\u00edtica, sin organizaci\u00f3n territorial, un partido desmovilizado que no convoca a j\u00f3venes, a trabajadores, a mujeres, a jubilados, a nadie, en tiempos en que los trabajadores y el pueblo salen a la calle a decir basta a una nueva pol\u00edtica de saqueo olig\u00e1rquico, esta vez de la mano de Milei \u2013 Frigerio\u201d.<\/p>\n<p>&nbsp;<\/p>\n<p><strong>Responsables<\/strong><\/p>\n<p>Los cuestionamientos a las conducciones que llevaron durante las \u00faltimas dos d\u00e9cadas los destinos del PJ entrerriano se cristalizaron en el se\u00f1alamiento que precis\u00f3: \u201cConsecuencia de esto, el peronismo entrerriano viene de sufrir derrotas humillantes para su orgullo hist\u00f3rico, en manos de una derecha que supo canalizar el descontento del pueblo peronista con una dirigencia que lejos estuvo de estar a la altura de las circunstancias y se desentendi\u00f3 de la suerte de nuestro pueblo\u201d, lo que, seg\u00fan concluy\u00f3 la convocatoria, \u201c\u2026 nadie que haya sido responsable de conducir al pueblo peronista a derrotas como las que padecimos, puede proponerse seguir conduciendo los destinos del peronismo entrerriano\u201d. Las cr\u00edticas continuaron y se sostuvo que \u201c\u2026 nadie es imprescindible -y menos despu\u00e9s de conducir a una derrota humillante- como para proponerse candidaturas permanentes o asegurar su sucesi\u00f3n mediante la postulaci\u00f3n de familiares o amigos en todas las listas\u201d.<\/p>\n<p>&nbsp;<\/p>\n<p><strong>Tiempos<\/strong><\/p>\n<p>La convocatoria postul\u00f3 que \u201cestos son tiempos de organizar, de movilizar, de debatir y combatir la entrega de la Patria y el cercenamiento de conquistas de los trabajadores y el pueblo\u201d. Record\u00f3 las ense\u00f1anzas de Juan Domingo Per\u00f3n, citando la frase \u201cPrimero la Patria, luego el Movimiento y por \u00faltimo los hombres\u201d, y cuestion\u00f3 que \u201csin embargo, por estos d\u00edas vemos c\u00f3mo mientras los destinos de la Patria y los intereses estrat\u00e9gicos del Movimiento Nacional se disputan en la calle, se nos convoca entre gallos y medianoche a discutir autoridades partidarias cuando los compa\u00f1eros est\u00e1n debati\u00e9ndose en conservar el trabajo y poder parar la olla cada d\u00eda frente a una oligarqu\u00eda que viene arrasando todo\u201d.<\/p>\n<p>Por todo esto, las agrupaciones peronistas de base, militancia y dirigentes reunidos en sede del PJ Entre R\u00edos, nos comprometemos a impulsar entendimientos de base sobre esta serie de demandas para articular una renovaci\u00f3n de autoridades del PJ que se proponga un partido movilizado, con estructuras abiertas a toda la comunidad, que estimule el debate pol\u00edtico y enarbole un proyecto de Justicia Social, Soberan\u00eda Pol\u00edtica e Independencia Econ\u00f3mica para la Naci\u00f3n y la provincia.<\/p>\n<p>&nbsp;<\/p>\n<p><strong>Demandas<\/strong><\/p>\n<p>El comunicado precis\u00f3 que las agrupaciones de base del peronismo, militantes y dirigentes que estuvieron presentes en la sede del PJ de Paran\u00e1, reclamaron y se comprometieron a trabajar en 12 demandas:<\/p>\n<p>&nbsp;<\/p>\n<ul>\n<li>Que los representantes del peronismo entrerriano en todos los \u00e1mbitos legislativo y ejecutivo se comprometan pol\u00edticamente y en sus funciones a rechazar las pol\u00edticas olig\u00e1rquicas y antipopulares que impulsan los gobiernos de Milei y Frigerio. No hay argumento que valga para justificar el acompa\u00f1amiento de pol\u00edticas que perjudican a la Naci\u00f3n y al pueblo, salvo el del mero inter\u00e9s personal por seguir prendido al carro del poder. \u201cNadie se realiza en una comunidad que no se realiza\u201d<\/li>\n<\/ul>\n<p>&nbsp;<\/p>\n<ul>\n<li>Rechazo expl\u00edcito de todos los legisladores electos por el peronismo entrerriano al Decretazo de Necesidad y Urgencia de Milei y la ley \u00d3mnibus, lo mismo que a los proyectos de reforma pol\u00edtica y del Estado que impulsa Frigerio.<\/li>\n<\/ul>\n<p>&nbsp;<\/p>\n<ul>\n<li>Rechazo expl\u00edcito a cualquier tipo de reforma laboral, persecuci\u00f3n laboral y cesant\u00edas de trabajadores a nivel nacional, provincial o municipal, ya sean de orden p\u00fablico o privado.<\/li>\n<\/ul>\n<p>&nbsp;<\/p>\n<ul>\n<li>Defensa del empleo, salario y poder adquisitivo de los trabajadores formales e informales, as\u00ed como del haber jubilatorio digno y del sistema previsional solidario. No al traspaso de la Caja de Jubilaciones provincial a la Naci\u00f3n.<\/li>\n<\/ul>\n<p>&nbsp;<\/p>\n<ul>\n<li>Sostenimiento de los programas de asistencia social alimentaria; Potenciar Trabajo, AUH y Tarjeta Alimentar. Acompa\u00f1amiento activo de la lucha de los movimientos sociales.<\/li>\n<\/ul>\n<p>&nbsp;<\/p>\n<ul>\n<li>No a la privatizaci\u00f3n de las empresas estatales y a los recursos naturales.<\/li>\n<\/ul>\n<p>&nbsp;<\/p>\n<ul>\n<li>Sostenimiento del programa de prevenci\u00f3n del embarazo no intencional en la adolescencia y de la Educaci\u00f3n Sexual Integral en las escuelas.<\/li>\n<\/ul>\n<p>&nbsp;<\/p>\n<ul>\n<li>Defensa y aumento del presupuesto para universidades nacionales y de becas para estudiantes hijos de trabajadores y desempleados.<\/li>\n<\/ul>\n<p>&nbsp;<\/p>\n<ul>\n<li>Defensa de las expresiones culturales de nuestro pueblo, sosteniendo sus instituciones en el Estado.<\/li>\n<\/ul>\n<p>&nbsp;<\/p>\n<ul>\n<li>No a la criminalizaci\u00f3n ni represi\u00f3n de la protesta social.<\/li>\n<\/ul>\n<p>&nbsp;<\/p>\n<ul>\n<li>Acompa\u00f1amiento activo de todas las luchas de organizaciones sindicales y movimientos sociales.<\/li>\n<\/ul>\n<p>&nbsp;<\/p>\n<ul>\n<li>Movilizaci\u00f3n y acompa\u00f1amiento activo al paro convocado por la CGT, CTA y UTEP para el 24 de enero.<\/li>\n<\/ul>\n<p>&nbsp;<\/p>\n<p><strong>Presencias<\/strong><\/p>\n<p>Adem\u00e1s del ex diputado provincial, Julio Solanas, entre los que dijeron presentes en la convocatoria se pudo ver al ex legislador nacional y ex embajador en Paraguay, Jos\u00e9 Carlos Ramos, alias Conde; al actual presidente del Consejo Departamental Paran\u00e1 del Partido Justicialista, Gustavo Guzm\u00e1n, a la ex diputada y ex funcionaria, Luc\u00eda Grimalt; a la ex diputada y ex dirigente de la Asociaci\u00f3n Gremial del Magisterio de Entre R\u00edos (Agmer), Beatriz Montaldo; y al trabajador estatal y dirigente sindical, Jorge V\u00e1zquez; entre otros ex funcionarios, dirigentes sindicales y trabajadores del Estado.<\/p>\n","protected":false},"excerpt":{"rendered":"<p>Agrupaciones peronistas de base, militantes y dirigentes se reunieron este jueves 11 en la sede del PJ de Entre R\u00edos y acordaron 12 puntos a trabajar para enfrentar el DNU del Poder Ejecutivo nacional. Se destac\u00f3 la decisi\u00f3n de \u201cimpulsar entendimientos de base\u201d para \u201carticular una renovaci\u00f3n de autoridades del PJ que se proponga un partido movilizado\u201d. Se destac\u00f3 la presencia del ex diputado provincial, Julio Solanas &nbsp; &nbsp; &nbsp; Agrupaciones peronistas de base, militantes y dirigentes se reunieron este jueves 11 en la sede del Partido Justicialista (PJ) de&#8230;<\/p>\n","protected":false},"author":3,"featured_media":113031,"comment_status":"closed","ping_status":"closed","sticky":false,"template":"","format":"standard","meta":[],"categories":[15],"tags":[],"_links":{"self":[{"href":"https:\/\/www.actualidadadiario.com\/index.php\/wp-json\/wp\/v2\/posts\/113030"}],"collection":[{"href":"https:\/\/www.actualidadadiario.com\/index.php\/wp-json\/wp\/v2\/posts"}],"about":[{"href":"https:\/\/www.actualidadadiario.com\/index.php\/wp-json\/wp\/v2\/types\/post"}],"author":[{"embeddable":true,"href":"https:\/\/www.actualidadadiario.com\/index.php\/wp-json\/wp\/v2\/users\/3"}],"replies":[{"embeddable":true,"href":"https:\/\/www.actualidadadiario.com\/index.php\/wp-json\/wp\/v2\/comments?post=113030"}],"version-history":[{"count":1,"href":"https:\/\/www.actualidadadiario.com\/index.php\/wp-json\/wp\/v2\/posts\/113030\/revisions"}],"predecessor-version":[{"id":113032,"href":"https:\/\/www.actualidadadiario.com\/index.php\/wp-json\/wp\/v2\/posts\/113030\/revisions\/113032"}],"wp:featuredmedia":[{"embeddable":true,"href":"https:\/\/www.actualidadadiario.com\/index.php\/wp-json\/wp\/v2\/media\/113031"}],"wp:attachment":[{"href":"https:\/\/www.actualidadadiario.com\/index.php\/wp-json\/wp\/v2\/media?parent=113030"}],"wp:term":[{"taxonomy":"category","embeddable":true,"href":"https:\/\/www.actualidadadiario.com\/index.php\/wp-json\/wp\/v2\/categories?post=113030"},{"taxonomy":"post_tag","embeddable":true,"href":"https:\/\/www.actualidadadiario.com\/index.php\/wp-json\/wp\/v2\/tags?post=113030"}],"curies":[{"name":"wp","href":"https:\/\/api.w.org\/{rel}","templated":true}]}}