{"id":113028,"date":"2024-01-12T13:10:27","date_gmt":"2024-01-12T16:10:27","guid":{"rendered":"https:\/\/www.actualidadadiario.com\/?p=113028"},"modified":"2024-01-12T13:10:27","modified_gmt":"2024-01-12T16:10:27","slug":"la-provincia-unifica-criterios-de-accion-con-municipios-para-el-control-del-dengue","status":"publish","type":"post","link":"https:\/\/www.actualidadadiario.com\/index.php\/2024\/01\/12\/la-provincia-unifica-criterios-de-accion-con-municipios-para-el-control-del-dengue\/","title":{"rendered":"La provincia unifica criterios de acci\u00f3n con municipios para el control del dengue"},"content":{"rendered":"<p style=\"text-align: center;\"><em><strong>Atendiendo al aumento de casos de dengue registrado en las \u00faltimas semanas, el Ministerio de Salud mantuvo un encuentro de trabajo remoto con referentes de salud municipales de toda la provincia para coordinar acciones de control del mosquito vector del dengue y notificaci\u00f3n de casos sospechosos<\/strong><\/em><\/p>\n<p>&nbsp;<\/p>\n<p>&nbsp;<\/p>\n<p>En la reuni\u00f3n remota, el ministro de Salud de Entre R\u00edos, Guillermo Grieve reforz\u00f3 la importancia de coordinar acciones. \u201cPara nosotros, en el contexto de la situaci\u00f3n epidemiol\u00f3gica provincial, debemos maximizar los esfuerzos de coordinaci\u00f3n entre todas las jurisdicciones, para limitar la cantidad de casos, y evitar complicaciones\u201d, indic\u00f3.<\/p>\n<p>El ministro acompa\u00f1ado por parte de su gabinete, mantuvo el encuentro de trabajo que convoc\u00f3 a m\u00e1s de 70 referentes de \u00e1reas de salud municipales de toda la provincia y a equipos de establecimientos de atenci\u00f3n primaria, con el objeto de unificar criterios de acci\u00f3n para controlar la poblaci\u00f3n de Aedes aegypti: el mosquito vector del dengue.<\/p>\n<p>En este sentido, Grieve hizo hincapi\u00e9 en lo que cada persona, desde su responsabilidad individual y comunitaria, puede hacer para evitar la acumulaci\u00f3n de recipientes a la intemperie; estar atentos a los s\u00edndromes febriles para la inmediata consulta m\u00e9dica y observar las medidas preventivas. Esto es, uso de repelente, mosquiteros y tener especial cuidado en caso de viajar a otras provincias argentinas o Brasil, donde hay circulaci\u00f3n del vector.<\/p>\n<p>Finalmente, el titular de la cartera sanitaria destac\u00f3 el valor de sostener una comunicaci\u00f3n fluida y directa entre cada uno de los referentes y equipos para la notificaci\u00f3n de los casos, tanto sospechosos como confirmados por laboratorio. Por su parte el director general de Epidemiolog\u00eda, Diego Garcilazo, remarc\u00f3 que \u201cla provincia tiene todos los m\u00e9todos para disponer, r\u00e1pidamente, de diagn\u00f3sticos adecuados y, el dengue, es una enfermedad de notificaci\u00f3n obligatoria\u201d.<\/p>\n<p>Adem\u00e1s, enfatiz\u00f3 la importancia del bloqueo en los primeros casos sospechosos, teniendo en cuenta que una vez que el virus se dispersa, s\u00f3lo queda realizar acciones paliativas y diagn\u00f3stico por nexo epidemiol\u00f3gico.<\/p>\n","protected":false},"excerpt":{"rendered":"<p>Atendiendo al aumento de casos de dengue registrado en las \u00faltimas semanas, el Ministerio de Salud mantuvo un encuentro de trabajo remoto con referentes de salud municipales de toda la provincia para coordinar acciones de control del mosquito vector del dengue y notificaci\u00f3n de casos sospechosos &nbsp; &nbsp; En la reuni\u00f3n remota, el ministro de Salud de Entre R\u00edos, Guillermo Grieve reforz\u00f3 la importancia de coordinar acciones. \u201cPara nosotros, en el contexto de la situaci\u00f3n epidemiol\u00f3gica provincial, debemos maximizar los esfuerzos de coordinaci\u00f3n entre todas las jurisdicciones, para limitar la&#8230;<\/p>\n","protected":false},"author":3,"featured_media":99697,"comment_status":"closed","ping_status":"closed","sticky":false,"template":"","format":"standard","meta":[],"categories":[15],"tags":[],"_links":{"self":[{"href":"https:\/\/www.actualidadadiario.com\/index.php\/wp-json\/wp\/v2\/posts\/113028"}],"collection":[{"href":"https:\/\/www.actualidadadiario.com\/index.php\/wp-json\/wp\/v2\/posts"}],"about":[{"href":"https:\/\/www.actualidadadiario.com\/index.php\/wp-json\/wp\/v2\/types\/post"}],"author":[{"embeddable":true,"href":"https:\/\/www.actualidadadiario.com\/index.php\/wp-json\/wp\/v2\/users\/3"}],"replies":[{"embeddable":true,"href":"https:\/\/www.actualidadadiario.com\/index.php\/wp-json\/wp\/v2\/comments?post=113028"}],"version-history":[{"count":1,"href":"https:\/\/www.actualidadadiario.com\/index.php\/wp-json\/wp\/v2\/posts\/113028\/revisions"}],"predecessor-version":[{"id":113029,"href":"https:\/\/www.actualidadadiario.com\/index.php\/wp-json\/wp\/v2\/posts\/113028\/revisions\/113029"}],"wp:featuredmedia":[{"embeddable":true,"href":"https:\/\/www.actualidadadiario.com\/index.php\/wp-json\/wp\/v2\/media\/99697"}],"wp:attachment":[{"href":"https:\/\/www.actualidadadiario.com\/index.php\/wp-json\/wp\/v2\/media?parent=113028"}],"wp:term":[{"taxonomy":"category","embeddable":true,"href":"https:\/\/www.actualidadadiario.com\/index.php\/wp-json\/wp\/v2\/categories?post=113028"},{"taxonomy":"post_tag","embeddable":true,"href":"https:\/\/www.actualidadadiario.com\/index.php\/wp-json\/wp\/v2\/tags?post=113028"}],"curies":[{"name":"wp","href":"https:\/\/api.w.org\/{rel}","templated":true}]}}