{"id":113025,"date":"2024-01-12T13:09:40","date_gmt":"2024-01-12T16:09:40","guid":{"rendered":"https:\/\/www.actualidadadiario.com\/?p=113025"},"modified":"2024-01-12T13:09:40","modified_gmt":"2024-01-12T16:09:40","slug":"frigerio-apoyo-la-mayoria-de-leyes-enviadas-al-congreso","status":"publish","type":"post","link":"https:\/\/www.actualidadadiario.com\/index.php\/2024\/01\/12\/frigerio-apoyo-la-mayoria-de-leyes-enviadas-al-congreso\/","title":{"rendered":"Frigerio apoy\u00f3 \u201cla mayor\u00eda\u201d de leyes enviadas al Congreso"},"content":{"rendered":"<p style=\"text-align: center;\"><em><strong>A trav\u00e9s de su cuenta de X, el gobernador de la provincia expres\u00f3 que es un momento \u201chist\u00f3rico para generar cambios\u201d y terminar \u201ccon los privilegios de unos pocos\u201d \u00b7 Le dijo al Ministro del Interior de la Naci\u00f3n que respalda la mayor\u00eda de los proyectos de ley que se enmarcan en la denominada &#8220;Ley \u00d3mnibus&#8221;<\/strong><\/em><\/p>\n<p>&nbsp;<\/p>\n<p>&nbsp;<\/p>\n<p>El gobernador Rogelio Frigerio mantuvo un encuentro con el ministro del Interior de la Naci\u00f3n, Guillermo Francos, y expres\u00f3 su \u201capoyo\u201d a la mayor\u00eda de las iniciativas enviadas al Congreso que forman parte del proyecto \u201cLey \u00d3mnibus\u201d.<\/p>\n<p>\u201cArgentina necesita avanzar con reformas profundas\u201d, manifest\u00f3 Frigerio a trav\u00e9s de su cuenta de X.<\/p>\n<p>Asimismo, indic\u00f3 que es un momento \u201chist\u00f3rico para generar cambios que sean sostenibles en el tiempo y terminen con los privilegios de unos pocos\u201d.<\/p>\n<p>Cabe recordar que desde este martes las comisiones de Legislaci\u00f3n General, de Asuntos Constitucionales y de Presupuesto se encuentran debatiendo el proyecto con la presencia de diferentes ministros correspondientes al gobierno nacional.<\/p>\n","protected":false},"excerpt":{"rendered":"<p>A trav\u00e9s de su cuenta de X, el gobernador de la provincia expres\u00f3 que es un momento \u201chist\u00f3rico para generar cambios\u201d y terminar \u201ccon los privilegios de unos pocos\u201d \u00b7 Le dijo al Ministro del Interior de la Naci\u00f3n que respalda la mayor\u00eda de los proyectos de ley que se enmarcan en la denominada &#8220;Ley \u00d3mnibus&#8221; &nbsp; &nbsp; El gobernador Rogelio Frigerio mantuvo un encuentro con el ministro del Interior de la Naci\u00f3n, Guillermo Francos, y expres\u00f3 su \u201capoyo\u201d a la mayor\u00eda de las iniciativas enviadas al Congreso que forman&#8230;<\/p>\n","protected":false},"author":3,"featured_media":113026,"comment_status":"closed","ping_status":"closed","sticky":false,"template":"","format":"standard","meta":[],"categories":[15],"tags":[],"_links":{"self":[{"href":"https:\/\/www.actualidadadiario.com\/index.php\/wp-json\/wp\/v2\/posts\/113025"}],"collection":[{"href":"https:\/\/www.actualidadadiario.com\/index.php\/wp-json\/wp\/v2\/posts"}],"about":[{"href":"https:\/\/www.actualidadadiario.com\/index.php\/wp-json\/wp\/v2\/types\/post"}],"author":[{"embeddable":true,"href":"https:\/\/www.actualidadadiario.com\/index.php\/wp-json\/wp\/v2\/users\/3"}],"replies":[{"embeddable":true,"href":"https:\/\/www.actualidadadiario.com\/index.php\/wp-json\/wp\/v2\/comments?post=113025"}],"version-history":[{"count":1,"href":"https:\/\/www.actualidadadiario.com\/index.php\/wp-json\/wp\/v2\/posts\/113025\/revisions"}],"predecessor-version":[{"id":113027,"href":"https:\/\/www.actualidadadiario.com\/index.php\/wp-json\/wp\/v2\/posts\/113025\/revisions\/113027"}],"wp:featuredmedia":[{"embeddable":true,"href":"https:\/\/www.actualidadadiario.com\/index.php\/wp-json\/wp\/v2\/media\/113026"}],"wp:attachment":[{"href":"https:\/\/www.actualidadadiario.com\/index.php\/wp-json\/wp\/v2\/media?parent=113025"}],"wp:term":[{"taxonomy":"category","embeddable":true,"href":"https:\/\/www.actualidadadiario.com\/index.php\/wp-json\/wp\/v2\/categories?post=113025"},{"taxonomy":"post_tag","embeddable":true,"href":"https:\/\/www.actualidadadiario.com\/index.php\/wp-json\/wp\/v2\/tags?post=113025"}],"curies":[{"name":"wp","href":"https:\/\/api.w.org\/{rel}","templated":true}]}}