{"id":113017,"date":"2024-01-11T14:07:59","date_gmt":"2024-01-11T17:07:59","guid":{"rendered":"https:\/\/www.actualidadadiario.com\/?p=113017"},"modified":"2024-01-11T14:07:59","modified_gmt":"2024-01-11T17:07:59","slug":"sudafrica-encabezo-una-acusacion-a-israel-por-genocidio-en-la-corte-internacional-de-justicia","status":"publish","type":"post","link":"https:\/\/www.actualidadadiario.com\/index.php\/2024\/01\/11\/sudafrica-encabezo-una-acusacion-a-israel-por-genocidio-en-la-corte-internacional-de-justicia\/","title":{"rendered":"Sud\u00e1frica encabez\u00f3 una acusaci\u00f3n a Israel por \u201cgenocidio\u201d en la Corte Internacional de Justicia"},"content":{"rendered":"<p style=\"text-align: center;\"><em><strong>La denuncia fue respaldada, entre otros, por los gobiernos de Brasil, Colombia, Jordania, Turqu\u00eda, Malasia, Bolivia, Venezuela y los 57 miembros de la Organizaci\u00f3n de Cooperaci\u00f3n Isl\u00e1mica, incluidos Ir\u00e1n, Irak, El L\u00edbano, y Arabia Saud\u00ed<\/strong><\/em><\/p>\n<p>&nbsp;<\/p>\n<p>&nbsp;<\/p>\n<p>Con el apoyo de decenas de pa\u00edses, Sud\u00e1frica acus\u00f3 este jueves a Israel de \u00abgenocidio\u00bb ante la Corte Internacional de Justicia (CIJ) de la Haya por los bombardeos y ataques en Gaza en los que murieron m\u00e1s de 20.000 palestinos y palestinas.<\/p>\n<p>\u00abNing\u00fan ataque armado en el territorio de un Estado, por muy grave que sea, justifica que se vulnere la Convenci\u00f3n\u00bb para la Prevenci\u00f3n de Genocidios, afirm\u00f3 el ministro de Justicia sudafricano, Ronald Lamola, en su alegato.<\/p>\n<p>\u00abLa respuesta de Israel al ataque del 7 de octubre cruz\u00f3 esta l\u00ednea y da lugar a violaciones de la convenci\u00f3n (\u2026) es por eso que Sud\u00e1frica presenta este caso\u00bb, agreg\u00f3.<\/p>\n<p>Asimismo, subray\u00f3 que \u00abla violencia y la destrucci\u00f3n en Palestina no comenzaron el 7 de octubre\u00bb sino que los palestinos \u00abhan experimentado violencia durante los \u00faltimos 76 a\u00f1os\u00bb.<\/p>\n<p>\u00abEn la Franja de Gaza desde 2004 Israel ejerce control sobre los cruces terrestres y la infraestructura civil. La entrada y salida de Gaza est\u00e1 estrictamente prohibida, siendo Israel el \u00fanico punto de entrada\u00bb, afirm\u00f3.<\/p>\n<p>Las operaciones militares israel\u00edes en la Franja de Gaza han puesto a la poblaci\u00f3n \u00abal borde de la hambruna\u00bb, agreg\u00f3 la abogada de Sud\u00e1frica ante la CIJ Adila Hassim, quien alert\u00f3 que \u00ablos expertos prev\u00e9n que podr\u00eda morir m\u00e1s gente en Gaza por hambre y enfermedad\u00bb que debido a las acciones militares.<\/p>\n<p>&nbsp;<\/p>\n<p><strong>La acusaci\u00f3n de Sud\u00e1frica<\/strong><\/p>\n<p>Sud\u00e1frica reconoce en su acusaci\u00f3n el \u00abpeso particular de la responsabilidad\u00bb de acusar a Israel de genocidio y condena \u00abinequ\u00edvocamente\u00bb los ataques de Hamas que desencadenaron la guerra en Gaza.<\/p>\n<p>Pero al mismo tiempo, afirma que los bombardeos y las operaciones terrestres de Israel tienen \u00abla intenci\u00f3n espec\u00edfica (\u2026) de destruir a los palestinos de Gaza como parte del grupo nacional, racial y \u00e9tnico m\u00e1s amplio de los palestinos\u00bb.<\/p>\n<p>La denuncia ya cuenta con el apoyo de numerosos pa\u00edses, incluidos Colombia, Brasil, Jordania, Turqu\u00eda, Malasia, Bolivia, Venezuela y los 57 miembros de la Organizaci\u00f3n de Cooperaci\u00f3n Isl\u00e1mica, incluidos Ir\u00e1n, Irak, El L\u00edbano, y Arabia Saud\u00ed, entre otros.<\/p>\n<p>Ayer, el presidente brasile\u00f1o, Luiz In\u00e1cio Lula da Silva, oficializ\u00f3 su apoyo en una reuni\u00f3n con el embajador palestino en Brasilia, Ibrahim Alzeben.<\/p>\n<p>Por su parte, el Gobierno colombiano de Gustavo Petro expres\u00f3 en un comunicado que \u00absaluda la demanda presentada por Sud\u00e1frica contra Israel (\u2026) por la violaci\u00f3n de disposiciones de la Convenci\u00f3n de 1948 contra el Genocidio\u00bb.<\/p>\n<p>Desde Israel, el presidente Isaac Herzog arremeti\u00f3 contra estas acusaciones y afirm\u00f3 que \u00abno hay nada m\u00e1s atroz y absurdo que esta afirmaci\u00f3n. Estaremos en la Corte Internacional de Justicia y presentaremos con orgullo nuestro caso de leg\u00edtima defensa (\u2026) acorde al derecho internacional humanitario\u00bb.<\/p>\n<p>&nbsp;<\/p>\n<p><strong>La postura de Israel<\/strong><\/p>\n<p>La guerra entre Israel y Hamas estall\u00f3 tras el ataque del 7 de octubre del movimiento islamista palestino en suelo israel\u00ed, en el que 1.200 personas murieron y unas 240 fueron secuestradas y llevadas a Gaza, entre ellas una veintena con nacionalidad argentina.<\/p>\n<p>La respuesta de Israel, que prometi\u00f3 \u00abaniquilar\u00bb a Hamas, dej\u00f3 hasta el momento m\u00e1s de 23.000 muertos palestinos, una gran mayor\u00eda de ellos mujeres y ni\u00f1os, y una grave crisis humanitaria, con escasez de suministros esenciales y alrededor de 1,9 millones de personas (de un total de 2,2 millones que viven en el enclave) obligadas a abandonar sus hogares.<\/p>\n<p>Pretoria recurri\u00f3 a la CIJ para urgir a Israel a \u00absuspender inmediatamente las operaciones militares\u00bb en la Franja de Gaza.<\/p>\n<p>El Estado de Israel, que este viernes tendr\u00e1 su oportunidad para defenderse, afirm\u00f3 por boca de su presidente que las acusaciones de Sud\u00e1frica son algo \u00abatroz\u00bb y \u00ababsurdo\u00bb.<\/p>\n<p>Adem\u00e1s, el vocero del Ministerio de Relaciones Exteriores, Lior Haiat, critic\u00f3 la demanda, afirmando que carece de base f\u00e1ctica y jur\u00eddica, y asegur\u00f3 que su pa\u00eds est\u00e1 comprometido con el derecho internacional y act\u00faa de conformidad con \u00e9l.<\/p>\n<p>Sud\u00e1frica argumenta que Israel incumple sus obligaciones en el marco de la Convenci\u00f3n para la Prevenci\u00f3n y la Sanci\u00f3n del Delito de Genocidio, un tratado de 1948 creado precisamente tras el Holocausto, en el que los nazis y sus colaboradores exterminaron a 6 millones de jud\u00edos europeos.<\/p>\n<p>Seg\u00fan el mandatario, el ej\u00e9rcito israel\u00ed est\u00e1 \u00abhaciendo todo lo posible en circunstancias extremadamente complicadas sobre el terreno para asegurar que no haya consecuencias no deseadas ni v\u00edctimas civiles.\u00bb<\/p>\n<p>Como se trata de un procedimiento de urgencia, la CIJ podr\u00eda pronunciarse en cuesti\u00f3n de semanas y, aunque sus fallos son definitivos y no pueden ser apelados, los pa\u00edses no siempre siguen sus veredictos, como en el caso de Rusia, a quien la CIJ orden\u00f3 poner fin a su invasi\u00f3n a Ucrania.<\/p>\n<p>El pasado 29 de diciembre, la CIJ, el principal \u00f3rgano judicial de la ONU, comunic\u00f3 que Sud\u00e1frica impuso ante el tribunal una demanda por \u00abgenocidio\u00bb contra Israel debido a la situaci\u00f3n en la Franja de Gaza.<\/p>\n<p>El gobierno sudafricano consider\u00f3 en su demanda que las acciones e inacciones de Israel configuraban un \u00abgenocidio, ya que se cometen con la intenci\u00f3n espec\u00edfica (\u2026) de eliminar a los palestinos de la Franja de Gaza\u00bb.<\/p>\n","protected":false},"excerpt":{"rendered":"<p>La denuncia fue respaldada, entre otros, por los gobiernos de Brasil, Colombia, Jordania, Turqu\u00eda, Malasia, Bolivia, Venezuela y los 57 miembros de la Organizaci\u00f3n de Cooperaci\u00f3n Isl\u00e1mica, incluidos Ir\u00e1n, Irak, El L\u00edbano, y Arabia Saud\u00ed &nbsp; &nbsp; Con el apoyo de decenas de pa\u00edses, Sud\u00e1frica acus\u00f3 este jueves a Israel de \u00abgenocidio\u00bb ante la Corte Internacional de Justicia (CIJ) de la Haya por los bombardeos y ataques en Gaza en los que murieron m\u00e1s de 20.000 palestinos y palestinas. \u00abNing\u00fan ataque armado en el territorio de un Estado, por muy&#8230;<\/p>\n","protected":false},"author":3,"featured_media":113018,"comment_status":"closed","ping_status":"closed","sticky":false,"template":"","format":"standard","meta":[],"categories":[4],"tags":[],"_links":{"self":[{"href":"https:\/\/www.actualidadadiario.com\/index.php\/wp-json\/wp\/v2\/posts\/113017"}],"collection":[{"href":"https:\/\/www.actualidadadiario.com\/index.php\/wp-json\/wp\/v2\/posts"}],"about":[{"href":"https:\/\/www.actualidadadiario.com\/index.php\/wp-json\/wp\/v2\/types\/post"}],"author":[{"embeddable":true,"href":"https:\/\/www.actualidadadiario.com\/index.php\/wp-json\/wp\/v2\/users\/3"}],"replies":[{"embeddable":true,"href":"https:\/\/www.actualidadadiario.com\/index.php\/wp-json\/wp\/v2\/comments?post=113017"}],"version-history":[{"count":1,"href":"https:\/\/www.actualidadadiario.com\/index.php\/wp-json\/wp\/v2\/posts\/113017\/revisions"}],"predecessor-version":[{"id":113019,"href":"https:\/\/www.actualidadadiario.com\/index.php\/wp-json\/wp\/v2\/posts\/113017\/revisions\/113019"}],"wp:featuredmedia":[{"embeddable":true,"href":"https:\/\/www.actualidadadiario.com\/index.php\/wp-json\/wp\/v2\/media\/113018"}],"wp:attachment":[{"href":"https:\/\/www.actualidadadiario.com\/index.php\/wp-json\/wp\/v2\/media?parent=113017"}],"wp:term":[{"taxonomy":"category","embeddable":true,"href":"https:\/\/www.actualidadadiario.com\/index.php\/wp-json\/wp\/v2\/categories?post=113017"},{"taxonomy":"post_tag","embeddable":true,"href":"https:\/\/www.actualidadadiario.com\/index.php\/wp-json\/wp\/v2\/tags?post=113017"}],"curies":[{"name":"wp","href":"https:\/\/api.w.org\/{rel}","templated":true}]}}