{"id":113014,"date":"2024-01-11T14:06:42","date_gmt":"2024-01-11T17:06:42","guid":{"rendered":"https:\/\/www.actualidadadiario.com\/?p=113014"},"modified":"2024-01-11T14:06:42","modified_gmt":"2024-01-11T17:06:42","slug":"israel-ataco-el-sur-de-gaza-en-medio-de-la-gira-del-canciller-blinken","status":"publish","type":"post","link":"https:\/\/www.actualidadadiario.com\/index.php\/2024\/01\/11\/israel-ataco-el-sur-de-gaza-en-medio-de-la-gira-del-canciller-blinken\/","title":{"rendered":"Israel atac\u00f3 el sur de Gaza en medio de la gira del canciller Blinken"},"content":{"rendered":"<p style=\"text-align: center;\"><em><strong>En el enclave palestino la aviaci\u00f3n israel\u00ed multiplic\u00f3 sus bombardeos contra el sector de Jan Yunis, principal ciudad del sur de Gaza y epicentro de los combates en las \u00faltimas semanas, seg\u00fan varios testigos<\/strong><\/em><\/p>\n<p>&nbsp;<\/p>\n<p>&nbsp;<\/p>\n<p>La aviaci\u00f3n israel\u00ed bombarde\u00f3 con intensidad este jueves el sur de la Franja de Gaza mientras contin\u00faa la gira por la regi\u00f3n del canciller estadounidense, Antony Blinken, quien le pidi\u00f3 al Gobierno de Benjamin Netanyahu que se reduzca notablemente el n\u00famero de v\u00edctimas civiles que sufren las consecuencias de estos ataques y fij\u00f3 como objetivo de su recorrida que se evite que el conflicto escale en la zona.<\/p>\n<p>El diplom\u00e1tico estadounidense se reunir\u00e1 este jueves en El Cairo con el presidente egipcio Abdel Fatah al Sisi, cuyo pa\u00eds desempe\u00f1\u00f3 un papel clave para pactar una tregua de una semana a finales de noviembre.<\/p>\n<p>La guerra llega este jueves tambi\u00e9n a la Corte Internacional de Justicia, donde Israel se enfrentar\u00e1 a una demanda de Sud\u00e1frica por presunto &#8220;genocidio&#8221; en su ofensiva contra Gaza, acusaciones que el presidente israel\u00ed Isaac Herzog tild\u00f3 de &#8220;absurdas&#8221;.<\/p>\n<p>En el mismo sentido, Netanyahu afirm\u00f3 que Israel no quiere ocupar la Franja de Gaza de modo permanente ni desplazar a la poblaci\u00f3n palestina, iniciativa echada a rodar por algunos de sus ministros, los del ala ultraderechista del Gobierno.<\/p>\n<p>&#8220;Quiero dejar algunos puntos absolutamente claros. Israel no tiene intenci\u00f3n de ocupar Gaza permanentemente ni de desplazar a su poblaci\u00f3n civil&#8221;, dijo Netanyahu en un video en ingl\u00e9s que colg\u00f3 en sus redes sociales.<\/p>\n<p>A\u00f1adi\u00f3 que &#8220;Israel est\u00e1 luchando contra los terroristas de Hamas, no contra la poblaci\u00f3n palestina, y lo estamos haciendo en pleno cumplimiento del derecho internacional&#8221;, en un t\u00e1cito rechazo a los llamados de ministros de su Gobierno para reconstruir los asentamientos israel\u00edes en el territorio de la Franja de Gaza y alentar la emigraci\u00f3n palestina, report\u00f3 la agencia de noticias Sputnik.<\/p>\n<p>En tanto, en el enclave palestino la aviaci\u00f3n israel\u00ed multiplic\u00f3 sus bombardeos contra el sector de Jan Yunis, principal ciudad del sur de Gaza y epicentro de los combates en las \u00faltimas semanas, seg\u00fan varios testigos.<\/p>\n<p>Hamas dijo que los ataques israel\u00edes durante la \u00faltima noche dejaron 62 muertos en toda la Franja, rese\u00f1\u00f3 la agencia de noticias AFP.<\/p>\n<p>&#8220;Los combates se desarrollan bajo el suelo, en la superficie, en un territorio muy, muy complejo, ante un enemigo que ha preparado su defensa en un periodo muy largo y de forma muy organizada&#8221;, declar\u00f3 el jefe del Estado Mayor israel\u00ed, Herzi Halevi.<\/p>\n<p>Las organizaciones internacionales alertan de un desastre sanitario en Gaza, donde un 85% de la poblaci\u00f3n fue desplazada y la ayuda humanitaria llega a cuentagotas.<\/p>\n<p>La distribuci\u00f3n de ayuda se enfrenta a obst\u00e1culos &#8220;casi insuperables&#8221;, dijo el jefe de la Organizaci\u00f3n Mundial de la Salud, (OMS), Tedros Adhanom Ghebreyesus.<\/p>\n<p>En Rafah, ciudad en la punta sur de la Franja donde se han refugiado cientos de miles de palestinos, un m\u00e9dico jubilado ha convertido su tienda en una sala de primeros auxilios para atender a heridos.<\/p>\n<p>&#8220;Por la noche nos quedamos a veces hasta las once o despu\u00e9s de medianoche, cuando todo est\u00e1 cerrado y es imposible subir a un coche o ir a un hospital. Curamos a los heridos y despu\u00e9s pueden ir al hospital&#8221;, afirma Zaki Shaheen en una charla con AFP.<\/p>\n<p>La guerra se desencaden\u00f3 el 7 de octubre con el ataque sin precedentes del movimiento islamista palestino en suelo israel\u00ed que dej\u00f3 alrededor de 1.200 muertos y unos 240 rehenes -entre ellos una veintena de argentinos-, de los cuales un centenar permanece cautivo.<\/p>\n<p>Israel prometi\u00f3 aniquilar a Hamas, considerado grupo terrorista por Israel, la UE y Estados Unidos, y lanz\u00f3 una operaci\u00f3n militar contra Gaza que ha causado al menos 23.357 muertos, en su mayor\u00eda mujeres y menores de edad, seg\u00fan el Ministerio de Salud de Hamas, que controla este territorio.<\/p>\n","protected":false},"excerpt":{"rendered":"<p>En el enclave palestino la aviaci\u00f3n israel\u00ed multiplic\u00f3 sus bombardeos contra el sector de Jan Yunis, principal ciudad del sur de Gaza y epicentro de los combates en las \u00faltimas semanas, seg\u00fan varios testigos &nbsp; &nbsp; La aviaci\u00f3n israel\u00ed bombarde\u00f3 con intensidad este jueves el sur de la Franja de Gaza mientras contin\u00faa la gira por la regi\u00f3n del canciller estadounidense, Antony Blinken, quien le pidi\u00f3 al Gobierno de Benjamin Netanyahu que se reduzca notablemente el n\u00famero de v\u00edctimas civiles que sufren las consecuencias de estos ataques y fij\u00f3 como&#8230;<\/p>\n","protected":false},"author":3,"featured_media":113015,"comment_status":"closed","ping_status":"closed","sticky":false,"template":"","format":"standard","meta":[],"categories":[4],"tags":[],"_links":{"self":[{"href":"https:\/\/www.actualidadadiario.com\/index.php\/wp-json\/wp\/v2\/posts\/113014"}],"collection":[{"href":"https:\/\/www.actualidadadiario.com\/index.php\/wp-json\/wp\/v2\/posts"}],"about":[{"href":"https:\/\/www.actualidadadiario.com\/index.php\/wp-json\/wp\/v2\/types\/post"}],"author":[{"embeddable":true,"href":"https:\/\/www.actualidadadiario.com\/index.php\/wp-json\/wp\/v2\/users\/3"}],"replies":[{"embeddable":true,"href":"https:\/\/www.actualidadadiario.com\/index.php\/wp-json\/wp\/v2\/comments?post=113014"}],"version-history":[{"count":1,"href":"https:\/\/www.actualidadadiario.com\/index.php\/wp-json\/wp\/v2\/posts\/113014\/revisions"}],"predecessor-version":[{"id":113016,"href":"https:\/\/www.actualidadadiario.com\/index.php\/wp-json\/wp\/v2\/posts\/113014\/revisions\/113016"}],"wp:featuredmedia":[{"embeddable":true,"href":"https:\/\/www.actualidadadiario.com\/index.php\/wp-json\/wp\/v2\/media\/113015"}],"wp:attachment":[{"href":"https:\/\/www.actualidadadiario.com\/index.php\/wp-json\/wp\/v2\/media?parent=113014"}],"wp:term":[{"taxonomy":"category","embeddable":true,"href":"https:\/\/www.actualidadadiario.com\/index.php\/wp-json\/wp\/v2\/categories?post=113014"},{"taxonomy":"post_tag","embeddable":true,"href":"https:\/\/www.actualidadadiario.com\/index.php\/wp-json\/wp\/v2\/tags?post=113014"}],"curies":[{"name":"wp","href":"https:\/\/api.w.org\/{rel}","templated":true}]}}