{"id":113008,"date":"2024-01-11T14:03:57","date_gmt":"2024-01-11T17:03:57","guid":{"rendered":"https:\/\/www.actualidadadiario.com\/?p=113008"},"modified":"2024-01-11T14:03:57","modified_gmt":"2024-01-11T17:03:57","slug":"crisis-en-ecuador-el-congreso-apoyo-la-ofensiva-militar-y-policial-contra-el-narcotrafico","status":"publish","type":"post","link":"https:\/\/www.actualidadadiario.com\/index.php\/2024\/01\/11\/crisis-en-ecuador-el-congreso-apoyo-la-ofensiva-militar-y-policial-contra-el-narcotrafico\/","title":{"rendered":"Crisis en Ecuador: el Congreso apoy\u00f3 la ofensiva militar y policial contra el narcotr\u00e1fico"},"content":{"rendered":"<p style=\"text-align: center;\"><em><strong>El pronunciamiento lleg\u00f3 un d\u00eda despu\u00e9s de que el presidente Daniel Noboa decretara al pa\u00eds en conflicto armado interno y catalogara como &#8220;terroristas&#8221; a 22 grupos delictivos vinculados al narcotr\u00e1fico<\/strong><\/em><\/p>\n<p>&nbsp;<\/p>\n<p>&nbsp;<\/p>\n<p>La Asamblea Nacional (Parlamento unicameral) ecuatoriana respald\u00f3 por unanimidad la decisi\u00f3n del Gobierno de Daniel Noboa de enfrentar con las Fuerzas Armadas y la Polic\u00eda a las bandas del narcotr\u00e1fico en el marco de una virtual guerra interna que conmueve al pa\u00eds.<\/p>\n<p>El pronunciamiento lleg\u00f3 un d\u00eda despu\u00e9s de que Noboa decretara al pa\u00eds en conflicto armado interno y catalogara como &#8220;terroristas&#8221; a 22 grupos delictivos vinculados al narcotr\u00e1fico.<\/p>\n<p>Antes de iniciar la sesi\u00f3n plenaria, los asamble\u00edstas guardaron un minuto de silencio en memoria de todas las v\u00edctimas de la crisis se seguridad que vive el pa\u00eds, rese\u00f1\u00f3 el diario Primicias.<\/p>\n<p>\u201cSin Fuerza P\u00fablica no hay Rep\u00fablica\u201d, enfatiz\u00f3 el presidente de la Asamblea, Henry Kronfle, del Partido Social Cristiano.<\/p>\n<p>En la resoluci\u00f3n, que fue aprobada con 135 votos, el pleno expres\u00f3 su respaldo a las acciones del Gobierno Nacional en materia de seguridad, as\u00ed como la intervenci\u00f3n de las Fuerzas Armadas y Polic\u00eda Nacional para restablecer el orden.<\/p>\n<p>A su vez, los legisladores le pidieron que el Consejo de Seguridad P\u00fablica del Estado (Cosepe) que &#8220;se declare en sesi\u00f3n permanente para emitir pol\u00edticas, planes y estrategias unificadas en todo el territorio nacional para contrarrestar la crisis carcelaria, de inseguridad y el conflicto armado interno&#8221; que vive el pa\u00eds.<\/p>\n<p>El Parlamento se comprometi\u00f3 a &#8220;actuar con celeridad&#8221; en el tr\u00e1mite de reformas al C\u00f3digo Org\u00e1nico Integral Penal (COIP) y Ley de Garant\u00edas Jurisdiccionales y Control Constitucional.<\/p>\n<p>Por \u00faltimo, convoc\u00f3 a la Unidad Nacional a todas las estructuras del Estado, &#8220;gobiernos locales, organizaciones pol\u00edticas, sociales, sociedad civil e instituciones p\u00fablicas y privadas, con el objetivo de enfrentar en conjunto los actos de violencia y criminalidad&#8221;.<\/p>\n","protected":false},"excerpt":{"rendered":"<p>El pronunciamiento lleg\u00f3 un d\u00eda despu\u00e9s de que el presidente Daniel Noboa decretara al pa\u00eds en conflicto armado interno y catalogara como &#8220;terroristas&#8221; a 22 grupos delictivos vinculados al narcotr\u00e1fico &nbsp; &nbsp; La Asamblea Nacional (Parlamento unicameral) ecuatoriana respald\u00f3 por unanimidad la decisi\u00f3n del Gobierno de Daniel Noboa de enfrentar con las Fuerzas Armadas y la Polic\u00eda a las bandas del narcotr\u00e1fico en el marco de una virtual guerra interna que conmueve al pa\u00eds. El pronunciamiento lleg\u00f3 un d\u00eda despu\u00e9s de que Noboa decretara al pa\u00eds en conflicto armado interno&#8230;<\/p>\n","protected":false},"author":3,"featured_media":113009,"comment_status":"closed","ping_status":"closed","sticky":false,"template":"","format":"standard","meta":[],"categories":[4],"tags":[],"_links":{"self":[{"href":"https:\/\/www.actualidadadiario.com\/index.php\/wp-json\/wp\/v2\/posts\/113008"}],"collection":[{"href":"https:\/\/www.actualidadadiario.com\/index.php\/wp-json\/wp\/v2\/posts"}],"about":[{"href":"https:\/\/www.actualidadadiario.com\/index.php\/wp-json\/wp\/v2\/types\/post"}],"author":[{"embeddable":true,"href":"https:\/\/www.actualidadadiario.com\/index.php\/wp-json\/wp\/v2\/users\/3"}],"replies":[{"embeddable":true,"href":"https:\/\/www.actualidadadiario.com\/index.php\/wp-json\/wp\/v2\/comments?post=113008"}],"version-history":[{"count":1,"href":"https:\/\/www.actualidadadiario.com\/index.php\/wp-json\/wp\/v2\/posts\/113008\/revisions"}],"predecessor-version":[{"id":113010,"href":"https:\/\/www.actualidadadiario.com\/index.php\/wp-json\/wp\/v2\/posts\/113008\/revisions\/113010"}],"wp:featuredmedia":[{"embeddable":true,"href":"https:\/\/www.actualidadadiario.com\/index.php\/wp-json\/wp\/v2\/media\/113009"}],"wp:attachment":[{"href":"https:\/\/www.actualidadadiario.com\/index.php\/wp-json\/wp\/v2\/media?parent=113008"}],"wp:term":[{"taxonomy":"category","embeddable":true,"href":"https:\/\/www.actualidadadiario.com\/index.php\/wp-json\/wp\/v2\/categories?post=113008"},{"taxonomy":"post_tag","embeddable":true,"href":"https:\/\/www.actualidadadiario.com\/index.php\/wp-json\/wp\/v2\/tags?post=113008"}],"curies":[{"name":"wp","href":"https:\/\/api.w.org\/{rel}","templated":true}]}}