{"id":113005,"date":"2024-01-11T14:02:44","date_gmt":"2024-01-11T17:02:44","guid":{"rendered":"https:\/\/www.actualidadadiario.com\/?p=113005"},"modified":"2024-01-11T14:02:44","modified_gmt":"2024-01-11T17:02:44","slug":"peru-declaro-en-emergencia-toda-su-frontera-con-ecuador-y-reforzara-la-vigilancia-militar","status":"publish","type":"post","link":"https:\/\/www.actualidadadiario.com\/index.php\/2024\/01\/11\/peru-declaro-en-emergencia-toda-su-frontera-con-ecuador-y-reforzara-la-vigilancia-militar\/","title":{"rendered":"Per\u00fa declar\u00f3 en emergencia toda su frontera con Ecuador y reforzar\u00e1 la vigilancia militar"},"content":{"rendered":"<p style=\"text-align: center;\"><em><strong>La medida incluye a las regiones de Amazonas, Cajamarca, Loreto, Piura y Tumbes. El gobierno peruano enviar\u00e1 a un contingente de las fuerzas especiales de la Polic\u00eda y a las Fuerzas Armadas para reforzar puestos y pasos de frontera ante la grave crisis en Ecuador<\/strong><\/em><\/p>\n<p>&nbsp;<\/p>\n<p>&nbsp;<\/p>\n<p>Per\u00fa declar\u00f3 bajo estado de emergencia toda su frontera con Ecuador y reforzar\u00e1 la vigilancia con contingentes policiales y militares, luego de la crisis originada por ataques del narcotr\u00e1fico en el pa\u00eds vecino, anunci\u00f3 anoche el gobierno.<\/p>\n<p>\u00abSe va a declarar la emergencia en todos los departamentos (regiones) fronterizos con Ecuador\u00bb, dijo anoche el primer ministro Alberto Ot\u00e1rola en declaraciones a periodistas.<\/p>\n<p>La medida incluye a las regiones de Amazonas, Cajamarca, Loreto, Piura y Tumbes, si bien las dos \u00faltimas ya estaban en emergencia desde noviembre pasado ante el incremento de la inseguridad en la frontera.<\/p>\n<p>El funcionario indic\u00f3 adem\u00e1s que Per\u00fa enviar\u00e1 a un contingente de las fuerzas especiales de la Polic\u00eda y a las Fuerzas Armadas para reforzar puestos y pasos de frontera, pero no cuantific\u00f3 el n\u00famero de efectivos que participar\u00e1n de la misi\u00f3n.<\/p>\n<p>Ecuador atraviesa una severa crisis de seguridad, con la fuga de dos l\u00edderes de bandas criminales, ataques explosivos en varias ciudades, incendios de autom\u00f3viles y ataques a hospitales que ya causaron 10 muertos.<\/p>\n<p>Tambi\u00e9n hubo motines multiplicados en varias c\u00e1rceles con retenci\u00f3n de agentes penitenciarios, lo que llev\u00f3 al presidente Daniel Noboa a declarar al pa\u00eds en estado de \u00abconflicto armado interno\u00bb y ordenar a las Fuerzas Armadas \u00abejecutar operaciones militares para neutralizar\u00bb el accionar de una veintena de organizaciones.<\/p>\n<p>Per\u00fa y Ecuador comparten una extensa frontera de m\u00e1s de 1.400 kil\u00f3metros.<\/p>\n<p>Los ministros de Defensa, Jorge Ch\u00e1vez, y del Interior, V\u00edctor Torres, viajar\u00e1n hoy a la ciudad fronteriza de Tumbes para coordinar las acciones a seguir.<\/p>\n<p>\u00abMa\u00f1ana (por hoy) los propios ministros van a tomar acciones directas para resguardar toda nuestra frontera y poner a buen recaudo a nuestra ciudadan\u00eda\u00bb, agreg\u00f3 Ot\u00e1rola, mano derecha de la presidenta Dina Boluarte.<\/p>\n<p>La decisi\u00f3n se tom\u00f3 en un Consejo de Ministros extraordinario convocado a ra\u00edz de la crisis en Ecuador, luego de que Quito declarara al pa\u00eds en \u00abconflicto armado interno\u00bb y ordenara a los militares \u00abneutralizar\u00bb a las bandas narcocriminales que intensificaron sus ataques ayer.<\/p>\n<p>El Gobierno peruano tambi\u00e9n conden\u00f3 en\u00e9rgicamente los actos de violencia ocurridos en Ecuador, \u00abque vulneran los derechos fundamentales de los ecuatorianos y atentan contra la seguridad de ese hermano pa\u00eds\u00bb, seg\u00fan un comunicado de la Canciller\u00eda.<\/p>\n<p>En Per\u00fa, el estado de emergencia se puede extender indefinidamente hasta que el Gobierno disponga lo contrario cuando la seguridad de la poblaci\u00f3n est\u00e1 en riesgo o peligro, seg\u00fan la Constituci\u00f3n.<\/p>\n","protected":false},"excerpt":{"rendered":"<p>La medida incluye a las regiones de Amazonas, Cajamarca, Loreto, Piura y Tumbes. El gobierno peruano enviar\u00e1 a un contingente de las fuerzas especiales de la Polic\u00eda y a las Fuerzas Armadas para reforzar puestos y pasos de frontera ante la grave crisis en Ecuador &nbsp; &nbsp; Per\u00fa declar\u00f3 bajo estado de emergencia toda su frontera con Ecuador y reforzar\u00e1 la vigilancia con contingentes policiales y militares, luego de la crisis originada por ataques del narcotr\u00e1fico en el pa\u00eds vecino, anunci\u00f3 anoche el gobierno. \u00abSe va a declarar la emergencia&#8230;<\/p>\n","protected":false},"author":3,"featured_media":113006,"comment_status":"closed","ping_status":"closed","sticky":false,"template":"","format":"standard","meta":[],"categories":[4],"tags":[],"_links":{"self":[{"href":"https:\/\/www.actualidadadiario.com\/index.php\/wp-json\/wp\/v2\/posts\/113005"}],"collection":[{"href":"https:\/\/www.actualidadadiario.com\/index.php\/wp-json\/wp\/v2\/posts"}],"about":[{"href":"https:\/\/www.actualidadadiario.com\/index.php\/wp-json\/wp\/v2\/types\/post"}],"author":[{"embeddable":true,"href":"https:\/\/www.actualidadadiario.com\/index.php\/wp-json\/wp\/v2\/users\/3"}],"replies":[{"embeddable":true,"href":"https:\/\/www.actualidadadiario.com\/index.php\/wp-json\/wp\/v2\/comments?post=113005"}],"version-history":[{"count":1,"href":"https:\/\/www.actualidadadiario.com\/index.php\/wp-json\/wp\/v2\/posts\/113005\/revisions"}],"predecessor-version":[{"id":113007,"href":"https:\/\/www.actualidadadiario.com\/index.php\/wp-json\/wp\/v2\/posts\/113005\/revisions\/113007"}],"wp:featuredmedia":[{"embeddable":true,"href":"https:\/\/www.actualidadadiario.com\/index.php\/wp-json\/wp\/v2\/media\/113006"}],"wp:attachment":[{"href":"https:\/\/www.actualidadadiario.com\/index.php\/wp-json\/wp\/v2\/media?parent=113005"}],"wp:term":[{"taxonomy":"category","embeddable":true,"href":"https:\/\/www.actualidadadiario.com\/index.php\/wp-json\/wp\/v2\/categories?post=113005"},{"taxonomy":"post_tag","embeddable":true,"href":"https:\/\/www.actualidadadiario.com\/index.php\/wp-json\/wp\/v2\/tags?post=113005"}],"curies":[{"name":"wp","href":"https:\/\/api.w.org\/{rel}","templated":true}]}}