{"id":112998,"date":"2024-01-11T13:39:10","date_gmt":"2024-01-11T16:39:10","guid":{"rendered":"https:\/\/www.actualidadadiario.com\/?p=112998"},"modified":"2024-01-11T13:39:10","modified_gmt":"2024-01-11T16:39:10","slug":"ley-omnibus-ultimo-dia-de-debate-en-diputados-con-exposiciones-de-mas-funcionarios","status":"publish","type":"post","link":"https:\/\/www.actualidadadiario.com\/index.php\/2024\/01\/11\/ley-omnibus-ultimo-dia-de-debate-en-diputados-con-exposiciones-de-mas-funcionarios\/","title":{"rendered":"Ley \u00d3mnibus: \u00faltimo d\u00eda de debate en Diputados, con exposiciones de m\u00e1s funcionarios"},"content":{"rendered":"<p style=\"text-align: center;\"><em><strong>Luego de una jornada de mi\u00e9rcoles caliente, con fuertes cruces, se desarrolla este jueves la tercera sesi\u00f3n del plenario de comisiones. Hablar\u00e1n secretarios de las \u00e1reas de Econom\u00eda, Salud, Educaci\u00f3n y Trabajo, adem\u00e1s del ministro de Infraestructura, Guillermo Ferraro<\/strong><\/em><\/p>\n<p>&nbsp;<\/p>\n<p>&nbsp;<\/p>\n<p>Este jueves es el \u00faltimo d\u00eda del debate en plenario de comisiones de la Ley \u00d3mnibus, llamada oficialmente de Bases y Puntos de Partida para la Libertad de los Argentinos, en la C\u00e1mara de Diputados.<\/p>\n<p>Tras una jornada de mi\u00e9rcoles con fuertes cruces, las exposiciones de integrantes del equipo econ\u00f3mico se reprogramaron para esta \u00faltima sesi\u00f3n, que tambi\u00e9n contar\u00e1 con la participaci\u00f3n del ministro de Infraestructura, Guillermo Ferraro.<\/p>\n<p>El encuentro del mi\u00e9rcoles comenz\u00f3 con la presentaci\u00f3n del ministro del Interior, Guillermo Francos, sobre el tema electoral, ambiente y turismo. Luego, expuso su par de Seguridad, Patricia Bullrich, con los temas del \u00e1mbito de su cartera y, nuevamente, el secretario de Energ\u00eda, Eduardo Rodr\u00edguez Chirillo quien, junto al Procurador del Tesoro, Rodolfo Barra y el ministro de Justicia, Mariano C\u00faneo Libarona, participaron del debate del martes.<\/p>\n<p>Para esta \u00faltima jornada fueron reprogramadas las exposiciones de Pablo Quirno, secretario de Finanzas; Pablo Lavigne, secretario de Comercio, y Juan Paso, secretario de Industria y Desarrollo. En principio, est\u00e1 previsto que el debate se inicie a las 9 con los funcionarios de las \u00e1reas de Salud, Educaci\u00f3n y Trabajo. M\u00e1s tarde, a las 14, hablar\u00e1 Guillermo Ferraro.<\/p>\n","protected":false},"excerpt":{"rendered":"<p>Luego de una jornada de mi\u00e9rcoles caliente, con fuertes cruces, se desarrolla este jueves la tercera sesi\u00f3n del plenario de comisiones. Hablar\u00e1n secretarios de las \u00e1reas de Econom\u00eda, Salud, Educaci\u00f3n y Trabajo, adem\u00e1s del ministro de Infraestructura, Guillermo Ferraro &nbsp; &nbsp; Este jueves es el \u00faltimo d\u00eda del debate en plenario de comisiones de la Ley \u00d3mnibus, llamada oficialmente de Bases y Puntos de Partida para la Libertad de los Argentinos, en la C\u00e1mara de Diputados. Tras una jornada de mi\u00e9rcoles con fuertes cruces, las exposiciones de integrantes del equipo&#8230;<\/p>\n","protected":false},"author":3,"featured_media":112999,"comment_status":"closed","ping_status":"closed","sticky":false,"template":"","format":"standard","meta":[],"categories":[18],"tags":[],"_links":{"self":[{"href":"https:\/\/www.actualidadadiario.com\/index.php\/wp-json\/wp\/v2\/posts\/112998"}],"collection":[{"href":"https:\/\/www.actualidadadiario.com\/index.php\/wp-json\/wp\/v2\/posts"}],"about":[{"href":"https:\/\/www.actualidadadiario.com\/index.php\/wp-json\/wp\/v2\/types\/post"}],"author":[{"embeddable":true,"href":"https:\/\/www.actualidadadiario.com\/index.php\/wp-json\/wp\/v2\/users\/3"}],"replies":[{"embeddable":true,"href":"https:\/\/www.actualidadadiario.com\/index.php\/wp-json\/wp\/v2\/comments?post=112998"}],"version-history":[{"count":1,"href":"https:\/\/www.actualidadadiario.com\/index.php\/wp-json\/wp\/v2\/posts\/112998\/revisions"}],"predecessor-version":[{"id":113000,"href":"https:\/\/www.actualidadadiario.com\/index.php\/wp-json\/wp\/v2\/posts\/112998\/revisions\/113000"}],"wp:featuredmedia":[{"embeddable":true,"href":"https:\/\/www.actualidadadiario.com\/index.php\/wp-json\/wp\/v2\/media\/112999"}],"wp:attachment":[{"href":"https:\/\/www.actualidadadiario.com\/index.php\/wp-json\/wp\/v2\/media?parent=112998"}],"wp:term":[{"taxonomy":"category","embeddable":true,"href":"https:\/\/www.actualidadadiario.com\/index.php\/wp-json\/wp\/v2\/categories?post=112998"},{"taxonomy":"post_tag","embeddable":true,"href":"https:\/\/www.actualidadadiario.com\/index.php\/wp-json\/wp\/v2\/tags?post=112998"}],"curies":[{"name":"wp","href":"https:\/\/api.w.org\/{rel}","templated":true}]}}