{"id":112995,"date":"2024-01-11T13:38:04","date_gmt":"2024-01-11T16:38:04","guid":{"rendered":"https:\/\/www.actualidadadiario.com\/?p=112995"},"modified":"2024-01-11T13:38:04","modified_gmt":"2024-01-11T16:38:04","slug":"milei-invito-al-papa-francisco-a-la-argentina-su-presencia-contribuira-la-unidad-y-dara-la-fuerza-necesaria-para-preservar-la-paz","status":"publish","type":"post","link":"https:\/\/www.actualidadadiario.com\/index.php\/2024\/01\/11\/milei-invito-al-papa-francisco-a-la-argentina-su-presencia-contribuira-la-unidad-y-dara-la-fuerza-necesaria-para-preservar-la-paz\/","title":{"rendered":"Milei invit\u00f3 al Papa Francisco a la Argentina: &#8220;Su presencia contribuir\u00e1 la unidad y dar\u00e1 la fuerza necesaria para preservar la paz&#8221;"},"content":{"rendered":"<p style=\"text-align: center;\"><em><strong>As\u00ed lo confirm\u00f3 el vocero Manuel Adorni en su conferencia de prensa matutina<\/strong><\/em><\/p>\n<p>&nbsp;<\/p>\n<p>&nbsp;<\/p>\n<p>El presidente Javier Milei le envi\u00f3 una carta al Papa Francisco para invitarlo oficialmente a visitar a la Argentina. Lo anunci\u00f3 hoy el vocero Manuel Adorni en su conferencia de prensa matutina.<\/p>\n<p>Seg\u00fan especific\u00f3 Adorni, la presencia del Sumo Pont\u00edfice contribuir\u00e1 la unidad y dar\u00e1 \u201cla fuerza necesaria para preservar la paz, trabajar la prosperidad y el engrandecimiento de la patria\u201d.<\/p>\n<p>\u201cUsted bien sabe que no necesita invitaci\u00f3n para venir a su querida Argentina. A riesgo de decir lo innecesario, le invito a visitar nuestra amada Patria, conforme a las fechas y los lugares que nos sean indicados\u201d, dice el texto que lleva la firma del mandatario.<\/p>\n<p>Fue difundido pasadas las 11 horas y acompa\u00f1ado por una imagen en la que aparece la secretaria General de la Presidencia, Karina Milei.<\/p>\n<p>Adem\u00e1s, hace \u00e9nfasis en la fragilidad econ\u00f3mica y social que atraviesa la Argentina: &#8220;Se encuentra en estado cr\u00edtico y es preciso adoptar medidas urgentes para evitar una cat\u00e1strofe social con consecuencias dolorosas&#8221;.<\/p>\n<p>&#8220;Somos conscientes que estas decisiones pueden profundizar inequidades, por lo que nuestra prioridad m\u00e1xima es proteger a nuestros compatriotas m\u00e1s vulnerables, agradeciendo la colaboraci\u00f3n de la Iglesia Cat\u00f3lica, cuya acci\u00f3n en el campo social es invalorable&#8221;, a\u00f1adi\u00f3.<\/p>\n<p>Durante el proceso electoral, Milei mantuvo una fuerte con la Iglesia y con el Vaticano. Primero, porque un sector ligado a los curas villeros reflot\u00f3 declaraciones pol\u00e9micas contra Francisco.<\/p>\n<p>Luego, porque el referente liberal argentino del jefe de Estado, Alberto Benegas Lynch, asever\u00f3 que, de llegar al Gobierno, Milei deber\u00eda suspender las relaciones diplom\u00e1ticas con el Vaticano.<\/p>\n<p>&nbsp;<\/p>\n<p><strong>La conferencia de Adorni<\/strong><\/p>\n<p>Luego de este anuncio, Adorni se refiri\u00f3 al anuncio que realiz\u00f3 ayer el oficialismo sobre el acuerdo -reflotado- con el Fondo Monetario Internacional (FMI).<\/p>\n<p>\u201cPor primera vez en la historia, no es el FMI el que propone los cambios a realizar, sino que los que hemos propuestos el camino somos nosotros. Se da el camino inverso\u201d, indic\u00f3.<\/p>\n<p>En esa l\u00ednea, agreg\u00f3: \u201cHubo un respaldo en los mercados. Cuando un pa\u00eds se pone a trabajar de manera seria el mundo acompa\u00f1a\u201d.<\/p>\n<p>En referencia al segundo d\u00eda de exposiciones de los ministros y secretarios en las comisiones que revisan la ley \u00f3mnibus, Adorni tild\u00f3 como \u201cpenoso\u201d el episodio entre el diputado y ex canciller, Santiago Cafiero, al presidente de la comisi\u00f3n de Presupuesto, Jos\u00e9 Luis Espert.<\/p>\n<p>\u201cEs un buen momento para recordar que el mundo y la mayor\u00eda de los argentinos nos creen. Ser\u00eda bueno que la pol\u00edtica deje de ser parte del problema\u201d, resalt\u00f3 el economista y portavoz de Milei.<\/p>\n<p>Esta tarde, a las 16 horas, el Instituto Nacional de Estad\u00edsticas y Censos (INDEC) anunciar\u00e1 un nuevo \u00edndice de inflaci\u00f3n. Seg\u00fan estimaciones privadas, podr\u00eda alcanzar el 30%. Al respecto, Adorni asegur\u00f3 que el n\u00famero es responsabilidad absoluta de la gesti\u00f3n anterior.<\/p>\n","protected":false},"excerpt":{"rendered":"<p>As\u00ed lo confirm\u00f3 el vocero Manuel Adorni en su conferencia de prensa matutina &nbsp; &nbsp; El presidente Javier Milei le envi\u00f3 una carta al Papa Francisco para invitarlo oficialmente a visitar a la Argentina. Lo anunci\u00f3 hoy el vocero Manuel Adorni en su conferencia de prensa matutina. Seg\u00fan especific\u00f3 Adorni, la presencia del Sumo Pont\u00edfice contribuir\u00e1 la unidad y dar\u00e1 \u201cla fuerza necesaria para preservar la paz, trabajar la prosperidad y el engrandecimiento de la patria\u201d. \u201cUsted bien sabe que no necesita invitaci\u00f3n para venir a su querida Argentina. A&#8230;<\/p>\n","protected":false},"author":3,"featured_media":112996,"comment_status":"closed","ping_status":"closed","sticky":false,"template":"","format":"standard","meta":[],"categories":[18],"tags":[],"_links":{"self":[{"href":"https:\/\/www.actualidadadiario.com\/index.php\/wp-json\/wp\/v2\/posts\/112995"}],"collection":[{"href":"https:\/\/www.actualidadadiario.com\/index.php\/wp-json\/wp\/v2\/posts"}],"about":[{"href":"https:\/\/www.actualidadadiario.com\/index.php\/wp-json\/wp\/v2\/types\/post"}],"author":[{"embeddable":true,"href":"https:\/\/www.actualidadadiario.com\/index.php\/wp-json\/wp\/v2\/users\/3"}],"replies":[{"embeddable":true,"href":"https:\/\/www.actualidadadiario.com\/index.php\/wp-json\/wp\/v2\/comments?post=112995"}],"version-history":[{"count":1,"href":"https:\/\/www.actualidadadiario.com\/index.php\/wp-json\/wp\/v2\/posts\/112995\/revisions"}],"predecessor-version":[{"id":112997,"href":"https:\/\/www.actualidadadiario.com\/index.php\/wp-json\/wp\/v2\/posts\/112995\/revisions\/112997"}],"wp:featuredmedia":[{"embeddable":true,"href":"https:\/\/www.actualidadadiario.com\/index.php\/wp-json\/wp\/v2\/media\/112996"}],"wp:attachment":[{"href":"https:\/\/www.actualidadadiario.com\/index.php\/wp-json\/wp\/v2\/media?parent=112995"}],"wp:term":[{"taxonomy":"category","embeddable":true,"href":"https:\/\/www.actualidadadiario.com\/index.php\/wp-json\/wp\/v2\/categories?post=112995"},{"taxonomy":"post_tag","embeddable":true,"href":"https:\/\/www.actualidadadiario.com\/index.php\/wp-json\/wp\/v2\/tags?post=112995"}],"curies":[{"name":"wp","href":"https:\/\/api.w.org\/{rel}","templated":true}]}}