{"id":112986,"date":"2024-01-11T13:33:35","date_gmt":"2024-01-11T16:33:35","guid":{"rendered":"https:\/\/www.actualidadadiario.com\/?p=112986"},"modified":"2024-01-11T13:33:35","modified_gmt":"2024-01-11T16:33:35","slug":"boleta-unica-el-senado-firmo-dos-dictamenes-y-el-debate-continuara-en-el-recinto","status":"publish","type":"post","link":"https:\/\/www.actualidadadiario.com\/index.php\/2024\/01\/11\/boleta-unica-el-senado-firmo-dos-dictamenes-y-el-debate-continuara-en-el-recinto\/","title":{"rendered":"Boleta \u00danica: el Senado firm\u00f3 dos dict\u00e1menes y el debate continuar\u00e1 en el recinto"},"content":{"rendered":"<p style=\"text-align: center;\"><em><strong>La discusi\u00f3n por el proyecto de Ley de Boleta \u00danica de Papel en comisiones finaliz\u00f3 esta tarde con la firma dos dict\u00e1menes que deber\u00e1n analizarse en el recinto. El proyecto tiene media sanci\u00f3n en Diputados desde 2022<\/strong><\/em><\/p>\n<p>&nbsp;<\/p>\n<p>&nbsp;<\/p>\n<p>El bloque oficialista de La Libertad Avanza (LLA), liderado por Ezequiel Atauche, firm\u00f3 el dictamen que vino de Diputados, con apoyos de sus aliados de Juntos por el Cambio (JxC).<\/p>\n<p>Desde el kirchnerismo, el senador Mart\u00edn Do\u00f1ate lament\u00f3 la celeridad del debate y anunci\u00f3 que su bloque firmar\u00e1 un segundo dictamen de la senadora M\u00f3nica Silva, de Juntos Somos R\u00edo Negro, que propone una boleta \u00fanica por categor\u00eda.<\/p>\n<p>El objetivo de la presidenta del Senado, Victoria Villarruel, es llevar el tema al recinto en la tercera semana de enero, antes de que finalice el actual per\u00edodo de sesiones extraordinarias, abierto por el presidente Javier Milei.<\/p>\n<p>El mi\u00e9rcoles pasado, un plenario de Justicia y Asuntos Penales y de Asuntos Constitucionales avanz\u00f3 con un debate que dur\u00f3 m\u00e1s de tres horas y en el que, finalmente, se resolvi\u00f3 pasar a un cuarto intermedio hasta hoy a las 14.<\/p>\n<p>El pedido de cuarto intermedio, acompa\u00f1ado por el Frente de Todos (FdT) y por un sector del radicalismo, fue propuesto por el peronista correntino Carlos Esp\u00ednola, quien dej\u00f3 hace dos a\u00f1os el FdT para conformar junto al entrerriano Edgardo Kueider un bloque disidente.<\/p>\n<p>Kueider es quien modera el debate como recientemente designado presidente de la Comisi\u00f3n de Asuntos Constitucionales con acuerdo del oficialismo.<\/p>\n<p>En declaraciones a la prensa en la C\u00e1mara alta, Esp\u00ednola consider\u00f3 que al proyecto de ley hay que hacerle correcciones &#8220;de su funcionamiento&#8221; y que &#8220;algunas pueden hacerse v\u00eda reglamentaci\u00f3n y otras v\u00eda C\u00e1mara Electoral&#8221;, por lo que desliz\u00f3 la posibilidad de que la norma vuelva a Diputados.<\/p>\n<p>Si fuera as\u00ed, la C\u00e1mara iniciadora podr\u00e1 aceptar las correcciones hechas en el Senado o insistir con la sanci\u00f3n original.<\/p>\n<p>Pero eso ya ocurrir\u00eda en marzo, con el nuevo per\u00edodo ordinario de sesiones, a menos que el Poder Ejecutivo prorrogue las extraordinarias que finalizan el 31 de enero.<\/p>\n<p>En cambio, desde el FdT, senadores como Mart\u00edn Do\u00f1ate, Carolina Mois\u00e9s o Daniel Bensus\u00e1n ya expresaron su negativa a apoyar la norma, tal como hicieron sus compa\u00f1eros de partido en la C\u00e1mara de Diputados en 2022.<\/p>\n<p>La raz\u00f3n para no apoyar la norma, en el caso de los senadores peronistas, es que en la ley \u00f3mnibus que present\u00f3 el Poder Ejecutivo hace algunos d\u00edas, y que comenz\u00f3 a ser debatida en la C\u00e1mara de Diputados se busca eliminar las primarias abiertas, simult\u00e1neas y obligatorias (PASO), que permanecen mencionadas en el texto del proyecto de Boleta \u00danica de Papel.<\/p>\n","protected":false},"excerpt":{"rendered":"<p>La discusi\u00f3n por el proyecto de Ley de Boleta \u00danica de Papel en comisiones finaliz\u00f3 esta tarde con la firma dos dict\u00e1menes que deber\u00e1n analizarse en el recinto. El proyecto tiene media sanci\u00f3n en Diputados desde 2022 &nbsp; &nbsp; El bloque oficialista de La Libertad Avanza (LLA), liderado por Ezequiel Atauche, firm\u00f3 el dictamen que vino de Diputados, con apoyos de sus aliados de Juntos por el Cambio (JxC). Desde el kirchnerismo, el senador Mart\u00edn Do\u00f1ate lament\u00f3 la celeridad del debate y anunci\u00f3 que su bloque firmar\u00e1 un segundo dictamen&#8230;<\/p>\n","protected":false},"author":3,"featured_media":112987,"comment_status":"closed","ping_status":"closed","sticky":false,"template":"","format":"standard","meta":[],"categories":[18],"tags":[],"_links":{"self":[{"href":"https:\/\/www.actualidadadiario.com\/index.php\/wp-json\/wp\/v2\/posts\/112986"}],"collection":[{"href":"https:\/\/www.actualidadadiario.com\/index.php\/wp-json\/wp\/v2\/posts"}],"about":[{"href":"https:\/\/www.actualidadadiario.com\/index.php\/wp-json\/wp\/v2\/types\/post"}],"author":[{"embeddable":true,"href":"https:\/\/www.actualidadadiario.com\/index.php\/wp-json\/wp\/v2\/users\/3"}],"replies":[{"embeddable":true,"href":"https:\/\/www.actualidadadiario.com\/index.php\/wp-json\/wp\/v2\/comments?post=112986"}],"version-history":[{"count":1,"href":"https:\/\/www.actualidadadiario.com\/index.php\/wp-json\/wp\/v2\/posts\/112986\/revisions"}],"predecessor-version":[{"id":112988,"href":"https:\/\/www.actualidadadiario.com\/index.php\/wp-json\/wp\/v2\/posts\/112986\/revisions\/112988"}],"wp:featuredmedia":[{"embeddable":true,"href":"https:\/\/www.actualidadadiario.com\/index.php\/wp-json\/wp\/v2\/media\/112987"}],"wp:attachment":[{"href":"https:\/\/www.actualidadadiario.com\/index.php\/wp-json\/wp\/v2\/media?parent=112986"}],"wp:term":[{"taxonomy":"category","embeddable":true,"href":"https:\/\/www.actualidadadiario.com\/index.php\/wp-json\/wp\/v2\/categories?post=112986"},{"taxonomy":"post_tag","embeddable":true,"href":"https:\/\/www.actualidadadiario.com\/index.php\/wp-json\/wp\/v2\/tags?post=112986"}],"curies":[{"name":"wp","href":"https:\/\/api.w.org\/{rel}","templated":true}]}}