{"id":112983,"date":"2024-01-11T13:32:18","date_gmt":"2024-01-11T16:32:18","guid":{"rendered":"https:\/\/www.actualidadadiario.com\/?p=112983"},"modified":"2024-01-11T13:32:18","modified_gmt":"2024-01-11T16:32:18","slug":"el-plenario-de-delegaciones-regionales-de-la-cgt-ratifico-el-paro-y-la-movilizacion-para-frenar-el-dnu-y-la-ley-omnibus","status":"publish","type":"post","link":"https:\/\/www.actualidadadiario.com\/index.php\/2024\/01\/11\/el-plenario-de-delegaciones-regionales-de-la-cgt-ratifico-el-paro-y-la-movilizacion-para-frenar-el-dnu-y-la-ley-omnibus\/","title":{"rendered":"El plenario de delegaciones regionales de la CGT ratific\u00f3 el paro y la movilizaci\u00f3n para frenar el DNU y la ley \u00f3mnibus"},"content":{"rendered":"<p style=\"text-align: center;\"><em><strong>M\u00e1s de 250 dirigentes respaldaron las resoluciones del Consejo Directivo y anunciaron medidas el mismo 24 de enero as\u00ed como reuniones para comprometer a diputados y senadores provinciales<\/strong><\/em><\/p>\n<p>&nbsp;<\/p>\n<p>&nbsp;<\/p>\n<p>Tal como hab\u00eda resuelto el Comit\u00e9 Confederal se reuni\u00f3 este mi\u00e9rcoles en la sede de Azopardo al 800 el plenario de secretarios generales de las regionales de la CGT. M\u00e1s de 250 dirigentes de 70 organizaciones regionales se reunieron con el prop\u00f3sito de reforzar la convocatoria al paro y la movilizaci\u00f3n del 24 de enero.<\/p>\n<p>El prop\u00f3sito del c\u00f3nclave fue el de acumular fuerza para el paro y la movilizaci\u00f3n al Congreso Nacional y, a la vez, dar respaldo a todas las acciones que pudieran realizarse en el interior del pa\u00eds el mismo 24 pero, sobre todo, en las jornadas previas. Es que, dentro de la CGT, no hay plena confianza en que los diputados y senadores que responden a los gobiernos provinciales rechacen en el Congreso Nacional el DNU 70\/23 y la ley \u00f3mnibus tal como ellos se proponen. El recelo llega tambi\u00e9n a los legisladores peronistas que, temen, puedan negociar la aprobaci\u00f3n al menos parcial de alguna de las normas a cambio de alguna prerrogativa para sus provincias.<\/p>\n<p>Es por eso que, tal como manifest\u00f3 Pablo Moyano a este medio en su edici\u00f3n dominical, buscar\u00e1n generar acciones y reuniones regionales para exigir personalmente a esos representantes que \u201cse pronuncien p\u00fablicamente\u201d en el rechazo a ambas normas. De hecho, entre las resoluciones que se hicieron p\u00fablicas, el plenario destac\u00f3 que \u201cel di\u00e1logo y el consenso es una herramienta de la pol\u00edtica pero cualquiera de esas instancias no puede hacerse a espaldas del pueblo trabajador\u201d y, en un mensaje el\u00edptico a los legisladores del peronismo, completaron, \u201ccon m\u00e1s raz\u00f3n aquellos representantes que provienen del campo nacional y popular\u201d.<\/p>\n<p>&nbsp;<\/p>\n<p><strong>M\u00e1s all\u00e1 del peronismo<\/strong><\/p>\n<p>En la misma l\u00ednea la conducci\u00f3n de la CGT mantuvo reuniones el martes con referentes de distintos bloques por fuera del peronismo. As\u00ed intercambiaron posiciones con Facundo Manes de la UCR que aspira a reunir un sector d\u00edscolo del radicalismo que no acompa\u00f1ar\u00eda la decisi\u00f3n de su partido de cerrar filas con el gobierno a trav\u00e9s de Juntos por el Cambio y con el dirigente del bloque Hacemos Coalici\u00f3n Federal, Miguel \u00c1ngel Pichetto que agrupa poco m\u00e1s de veinte legisladores incluidos los que revisten en las filas de la Coalici\u00f3n C\u00edvica de Elisa Carri\u00f3.<\/p>\n<p>La delegaci\u00f3n regional de la CGT de la provincia de C\u00f3rdoba, por su parte, envi\u00f3 una carta y un pedido de reuni\u00f3n a los senadores y diputados de esa provincia y en especial a aquellos pertenecientes al espacio pol\u00edtico liderado por Mart\u00edn Llaryora y Juan Schiaretti que, a pesar de su identificaci\u00f3n con el peronismo, por el momento, acompa\u00f1ar\u00edan las iniciativas del gobierno de Javier Milei. All\u00ed, los dirigentes sindicales solicitan a los legisladores \u201cla no aprobaci\u00f3n del DNU 70\/2024 y de la denominada Ley \u00d3mnibus, enviadas al Congreso por el Presidente de la Naci\u00f3n\u00bb, detallaron\u201d en tanto, consideran, \u201cel rumbo elegido por el Presidente y la decisi\u00f3n de enviar esas dos iniciativas al Congreso, no dejan lugar a dudas: no queda sector sin ser alcanzado por el ajuste, que ser\u00e1 pagado por las mayor\u00edas en beneficio solamente de la concentraci\u00f3n econ\u00f3mica\u201d.<\/p>\n<p>&nbsp;<\/p>\n<p><strong>Resoluciones<\/strong><\/p>\n<p>El plenario de delegaciones regionales que sesion\u00f3 en el sal\u00f3n Felipe Vallese de la CGT se concentr\u00f3 en respaldar las medidas adoptadas por el Comit\u00e9 Confederal y organizar acciones a lo largo y a lo ancho del pa\u00eds para el mismo 24 de enero.<\/p>\n<p>Entre las resoluciones se destaca el \u201capoyo contundente y un\u00e1nime a la estrategia y acci\u00f3n del Consejo Directivo Nacional de la CGT\u201d as\u00ed como el \u201crechazo rotundo al DNU dictado por el Poder Ejecutivo\u201d.<\/p>\n<p>A la vez, seg\u00fan fuentes de la Central \u201ccada regional expres\u00f3 la delicada situaci\u00f3n en la actual crisis que trae como consecuencias la p\u00e9rdida brutal del poder adquisitivo y la p\u00e9rdida de fuentes de trabajo actuales y a futuro\u201d as\u00ed como la \u201cpreocupaci\u00f3n y rechazo a aquellos aspectos de la llamada Ley \u00d3mnibus que van contra la soberan\u00eda del pa\u00eds, los derechos laborales, el derecho de libre expresi\u00f3n y protesta, el modelo sindical argentino y las prestaciones de salud y previsionales\u201d.<\/p>\n<p>Por \u00faltimo el plenario manifest\u00f3 su \u201crepudio a la criminalizaci\u00f3n de la protesta social como m\u00e9todo represivo de un plan de ajuste econ\u00f3mico del actual gobierno\u201d y anunci\u00f3 que \u201cse llevar\u00e1n a cabo expresiones de protestas en cada regional en l\u00ednea con la fecha propuesta por la CGT para la movilizaci\u00f3n del pr\u00f3ximo 24 de Enero\u201d y se dar\u00e1 continuidad a la realizaci\u00f3n de \u201creuniones con los legisladores representantes de cada jurisdicci\u00f3n provincial a los fines que acompa\u00f1en con el voto lo que se mantiene con el discurso comprometido en cada lugar desde donde provienen\u201d.<\/p>\n","protected":false},"excerpt":{"rendered":"<p>M\u00e1s de 250 dirigentes respaldaron las resoluciones del Consejo Directivo y anunciaron medidas el mismo 24 de enero as\u00ed como reuniones para comprometer a diputados y senadores provinciales &nbsp; &nbsp; Tal como hab\u00eda resuelto el Comit\u00e9 Confederal se reuni\u00f3 este mi\u00e9rcoles en la sede de Azopardo al 800 el plenario de secretarios generales de las regionales de la CGT. M\u00e1s de 250 dirigentes de 70 organizaciones regionales se reunieron con el prop\u00f3sito de reforzar la convocatoria al paro y la movilizaci\u00f3n del 24 de enero. El prop\u00f3sito del c\u00f3nclave fue&#8230;<\/p>\n","protected":false},"author":3,"featured_media":112984,"comment_status":"closed","ping_status":"closed","sticky":false,"template":"","format":"standard","meta":[],"categories":[18],"tags":[],"_links":{"self":[{"href":"https:\/\/www.actualidadadiario.com\/index.php\/wp-json\/wp\/v2\/posts\/112983"}],"collection":[{"href":"https:\/\/www.actualidadadiario.com\/index.php\/wp-json\/wp\/v2\/posts"}],"about":[{"href":"https:\/\/www.actualidadadiario.com\/index.php\/wp-json\/wp\/v2\/types\/post"}],"author":[{"embeddable":true,"href":"https:\/\/www.actualidadadiario.com\/index.php\/wp-json\/wp\/v2\/users\/3"}],"replies":[{"embeddable":true,"href":"https:\/\/www.actualidadadiario.com\/index.php\/wp-json\/wp\/v2\/comments?post=112983"}],"version-history":[{"count":1,"href":"https:\/\/www.actualidadadiario.com\/index.php\/wp-json\/wp\/v2\/posts\/112983\/revisions"}],"predecessor-version":[{"id":112985,"href":"https:\/\/www.actualidadadiario.com\/index.php\/wp-json\/wp\/v2\/posts\/112983\/revisions\/112985"}],"wp:featuredmedia":[{"embeddable":true,"href":"https:\/\/www.actualidadadiario.com\/index.php\/wp-json\/wp\/v2\/media\/112984"}],"wp:attachment":[{"href":"https:\/\/www.actualidadadiario.com\/index.php\/wp-json\/wp\/v2\/media?parent=112983"}],"wp:term":[{"taxonomy":"category","embeddable":true,"href":"https:\/\/www.actualidadadiario.com\/index.php\/wp-json\/wp\/v2\/categories?post=112983"},{"taxonomy":"post_tag","embeddable":true,"href":"https:\/\/www.actualidadadiario.com\/index.php\/wp-json\/wp\/v2\/tags?post=112983"}],"curies":[{"name":"wp","href":"https:\/\/api.w.org\/{rel}","templated":true}]}}