{"id":112978,"date":"2024-01-11T13:29:15","date_gmt":"2024-01-11T16:29:15","guid":{"rendered":"https:\/\/www.actualidadadiario.com\/?p=112978"},"modified":"2024-01-11T13:29:15","modified_gmt":"2024-01-11T16:29:15","slug":"inflacion-fmi-dolar-privatizaciones-y-la-ley-omnibus-las-definiciones-de-javier-milei","status":"publish","type":"post","link":"https:\/\/www.actualidadadiario.com\/index.php\/2024\/01\/11\/inflacion-fmi-dolar-privatizaciones-y-la-ley-omnibus-las-definiciones-de-javier-milei\/","title":{"rendered":"Inflaci\u00f3n, FMI, d\u00f3lar, privatizaciones y la ley \u00f3mnibus: las definiciones de Javier Milei"},"content":{"rendered":"<p style=\"text-align: center;\"><em><strong>El presidente Javier Milei habl\u00f3 tras el acuerdo con el FMI y calific\u00f3 a la negociaci\u00f3n como &#8220;la m\u00e1s r\u00e1pida en la historia con el organismo&#8221;<\/strong><\/em><\/p>\n<p>&nbsp;<\/p>\n<p>&nbsp;<\/p>\n<p>Tambi\u00e9n se refiri\u00f3 al dato de inflaci\u00f3n que se conocer\u00e1 este jueves, la ley \u00f3mnibus que se trata en el plenario de comisiones y la evoluci\u00f3n del d\u00f3lar.<\/p>\n<p>&nbsp;<\/p>\n<p><strong>Inflaci\u00f3n de diciembre<\/strong><\/p>\n<p>El presidente Javier Milei afirm\u00f3 que &#8220;si el n\u00famero de inflaci\u00f3n est\u00e1 cerca del 25% ser\u00e1 un \u00e9xito&#8221; de la pol\u00edtica econ\u00f3mica del Gobierno, durante una entrevista concedida a radio La Red.<\/p>\n<p>El mandatario remarc\u00f3 que a su espacio lo votaron &#8220;para gobernar y lo va a hacer&#8221; y afirm\u00f3 que su administraci\u00f3n es &#8220;respaldada por las encuestas&#8221;. &#8220;Estamos trabajando para poner a pa\u00eds en una senda de crecimiento que le permita ser una potencia en 35 a\u00f1os&#8221;, se\u00f1al\u00f3.<\/p>\n<p>&nbsp;<\/p>\n<p><strong>Negociaci\u00f3n con el FMI<\/strong><\/p>\n<p>Javier Milei consider\u00f3 que a un mes de haber asumido la jefatura del Estado &#8220;la gente tiene consciencia del desastre&#8221; que hered\u00f3 su gobierno y &#8220;sabe que hay que pasar un mal trago para superarlo&#8221;.<\/p>\n<p>Asimismo, asegur\u00f3 que su gesti\u00f3n concret\u00f3 &#8220;la negociaci\u00f3n m\u00e1s r\u00e1pida de la historia&#8221; con el FMI y precis\u00f3 que &#8220;las negociaciones las impuls\u00f3 el Presidente y aplicamos un plan de ajuste mucho m\u00e1s profundo del que ped\u00eda el FMI&#8221;.<\/p>\n<p>&nbsp;<\/p>\n<p><strong>El futuro del Banco central<\/strong><\/p>\n<p>El Presidente Javier Milei asegur\u00f3 que &#8220;la relaci\u00f3n comercial con Brasil sigue como hasta ahora y es una relaci\u00f3n madura&#8221;, afirm\u00f3 que el Decreto de Necesidad y Urgencia (DNU) &#8220;tiene que salir completo&#8221;, y ratific\u00f3 que &#8220;tarde o temprano&#8221; su gesti\u00f3n va a &#8220;cerrar el Banco Central&#8221;.<\/p>\n<p>&nbsp;<\/p>\n<p><strong>Las privatizaciones que vienen<\/strong><\/p>\n<p>Javier Milei asegur\u00f3 que el Gobierno &#8220;est\u00e1 dispuesto a privatizar el Banco Naci\u00f3n y todas las empresas del Estado&#8221;, durante la entrevista radial.<\/p>\n<p>&nbsp;<\/p>\n<p><strong>Ley \u00f3mnibus y DNU<\/strong><\/p>\n<p>En relaci\u00f3n al Decreto de Necesidad y Urgencia (DNU) para desregular la econom\u00eda que emiti\u00f3 el gobierno el pasado 20 de diciembre, Milei se mostr\u00f3 &#8220;optimista&#8221; en relaci\u00f3n a su vigencia y aprobaci\u00f3n por el Congreso, y consider\u00f3 que el proyecto de ley de &#8220;Bases y Puntos de Partida para la Libertad de los Argentinos&#8221; tambi\u00e9n ser\u00e1 ratificado por el parlamento.<\/p>\n<p>&#8220;Nosotros creemos que va a salir todo&#8221;, enfatiz\u00f3 el mandatario en relaci\u00f3n a la suerte que tendr\u00e1n esas dos normativas en el Congreso.<\/p>\n<p>El jefe de Estado ratific\u00f3 adem\u00e1s que curso una invitaci\u00f3n al papa Francisco para que visite la Argentina, y se mostr\u00f3 esperanzado que puede llegar al pa\u00eds &#8220;a pasar de la agenda&#8221; que tiene que cumplir el sumo pont\u00edfice.<\/p>\n<p>&#8220;Creo que debe tener una agenda ligeramente m\u00e1s complicada que la m\u00eda, pero espero que pueda venir&#8221;, subray\u00f3 Milei.<\/p>\n","protected":false},"excerpt":{"rendered":"<p>El presidente Javier Milei habl\u00f3 tras el acuerdo con el FMI y calific\u00f3 a la negociaci\u00f3n como &#8220;la m\u00e1s r\u00e1pida en la historia con el organismo&#8221; &nbsp; &nbsp; Tambi\u00e9n se refiri\u00f3 al dato de inflaci\u00f3n que se conocer\u00e1 este jueves, la ley \u00f3mnibus que se trata en el plenario de comisiones y la evoluci\u00f3n del d\u00f3lar. &nbsp; Inflaci\u00f3n de diciembre El presidente Javier Milei afirm\u00f3 que &#8220;si el n\u00famero de inflaci\u00f3n est\u00e1 cerca del 25% ser\u00e1 un \u00e9xito&#8221; de la pol\u00edtica econ\u00f3mica del Gobierno, durante una entrevista concedida a radio&#8230;<\/p>\n","protected":false},"author":3,"featured_media":112359,"comment_status":"closed","ping_status":"closed","sticky":false,"template":"","format":"standard","meta":[],"categories":[9],"tags":[],"_links":{"self":[{"href":"https:\/\/www.actualidadadiario.com\/index.php\/wp-json\/wp\/v2\/posts\/112978"}],"collection":[{"href":"https:\/\/www.actualidadadiario.com\/index.php\/wp-json\/wp\/v2\/posts"}],"about":[{"href":"https:\/\/www.actualidadadiario.com\/index.php\/wp-json\/wp\/v2\/types\/post"}],"author":[{"embeddable":true,"href":"https:\/\/www.actualidadadiario.com\/index.php\/wp-json\/wp\/v2\/users\/3"}],"replies":[{"embeddable":true,"href":"https:\/\/www.actualidadadiario.com\/index.php\/wp-json\/wp\/v2\/comments?post=112978"}],"version-history":[{"count":1,"href":"https:\/\/www.actualidadadiario.com\/index.php\/wp-json\/wp\/v2\/posts\/112978\/revisions"}],"predecessor-version":[{"id":112979,"href":"https:\/\/www.actualidadadiario.com\/index.php\/wp-json\/wp\/v2\/posts\/112978\/revisions\/112979"}],"wp:featuredmedia":[{"embeddable":true,"href":"https:\/\/www.actualidadadiario.com\/index.php\/wp-json\/wp\/v2\/media\/112359"}],"wp:attachment":[{"href":"https:\/\/www.actualidadadiario.com\/index.php\/wp-json\/wp\/v2\/media?parent=112978"}],"wp:term":[{"taxonomy":"category","embeddable":true,"href":"https:\/\/www.actualidadadiario.com\/index.php\/wp-json\/wp\/v2\/categories?post=112978"},{"taxonomy":"post_tag","embeddable":true,"href":"https:\/\/www.actualidadadiario.com\/index.php\/wp-json\/wp\/v2\/tags?post=112978"}],"curies":[{"name":"wp","href":"https:\/\/api.w.org\/{rel}","templated":true}]}}