{"id":112967,"date":"2024-01-11T12:13:20","date_gmt":"2024-01-11T15:13:20","guid":{"rendered":"https:\/\/www.actualidadadiario.com\/?p=112967"},"modified":"2024-01-11T12:13:20","modified_gmt":"2024-01-11T15:13:20","slug":"el-indec-publica-la-inflacion-de-diciembre-primer-mes-de-milei-se-espera-que-toque-el-30","status":"publish","type":"post","link":"https:\/\/www.actualidadadiario.com\/index.php\/2024\/01\/11\/el-indec-publica-la-inflacion-de-diciembre-primer-mes-de-milei-se-espera-que-toque-el-30\/","title":{"rendered":"El INDEC publica la inflaci\u00f3n de diciembre, primer mes de Milei: se espera que toque el 30%"},"content":{"rendered":"<p style=\"text-align: center;\"><em><strong>El organismo oficial comunica el IPC del \u00faltimo mes del a\u00f1o y primero de la gesti\u00f3n de Milei, con el impacto fuerte de la devaluaci\u00f3n, y se espera que casi triplique el \u00faltimo per\u00edodo, noviembre, del anterior gobierno. Se espera que el de 2023 sea el dato anual m\u00e1s alto desde 1990<\/strong><\/em><\/p>\n<p>&nbsp;<\/p>\n<p>El Instituto Nacional de Estad\u00edstica y Censos (INDEC) informa este jueves la variaci\u00f3n que registr\u00f3 el \u00cdndice de Precios al Consumidor (IPC) en diciembre, primer mes de gesti\u00f3n de Javier Milei con impacto de sus medidas, y las estimaciones privadas arrojan que habr\u00eda casi triplicado el n\u00famero de noviembre, parte del gobierno anterior, logrando alrededor de un 30% de inflaci\u00f3n.<\/p>\n<p>Es que luego de ascender 12,8% en noviembre, cuando el presidente era Alberto Fern\u00e1ndez y el ministro de Econom\u00eda Sergio Massa, la inflaci\u00f3n que se espera que hoy comunique el organismo estad\u00edstico oficial se habr\u00eda acercado, seg\u00fan las estimaciones privadas, al 30%, con lo que superar\u00eda el 200% en 2023, dato anual m\u00e1s alto desde 1990.<\/p>\n<p>Hasta noviembre pasado, la inflaci\u00f3n interanual acumulaba una suba del 160,9%, seg\u00fan el INDEC. Si el dato mensual supera el 25%, cosa que parece dif\u00edcil que no suceda, ser\u00eda el m\u00e1s alto desde febrero de 1991 (26,9)%, ya que previamente en marzo de 1990 lleg\u00f3 al 95,53%.<\/p>\n<p>El portavoz presidencial Manuel Adorni sostuvo la semana pasada que el Gobierno est\u00e1 llevando adelante un &#8220;plan para estabilizar&#8221; la econom\u00eda y, en medio de los aumentos generalizados en varios rubros, advirti\u00f3 que va a llevar un tiempo salir de la &#8220;encerrona inflacionaria&#8221;.<\/p>\n<p>&#8220;Es un proceso largo y el trabajo que estamos haciendo de equilibrio de las cuentas, de saneamiento del Banco Central, y esto impactado por el atraso y distorsi\u00f3n de casi todos los precios de la econom\u00eda hace que estemos atravesando este momento, que por supuesto va a llevar un tiempo salir de esta encerrona inflacionaria&#8221;, manifest\u00f3 Adorni.<\/p>\n<p>El presidente Milei, por su parte, asegur\u00f3 sin ruborizarse que si la inflaci\u00f3n de diciembre daba 30 puntos &#8220;al ministro (Luis) Caputo hab\u00eda que llevarlo en andas&#8221;, como modo de celebrar una gesti\u00f3n exitoso, quiso decir.<\/p>\n<p>Desde el \u00e1mbito privado, la consultora Eco Go, estim\u00f3 la inflaci\u00f3n del mes pasado en 29,4%, con un salto interanual de 222,8%. La clave de la suba de diciembre estuvo en el aumento del 35,5% en los alimentos de 35,3%, si bien en la \u00faltima semana del mes se observ\u00f3 un retroceso, por la baja del precio la carne.<\/p>\n<p>Del lado de la consultora LCG estimaron la inflaci\u00f3n promedio de diciembre en 28%, lo que representan un acumulado del 218% para todo 2023. Por su parte, el IPC de la Fundaci\u00f3n Libertad y Progreso mostr\u00f3 una suba del 29% para el mes y del 219% para el a\u00f1o, la m\u00e1s alta desde 1990.<\/p>\n<p>El informe de LyP dio cuenta que \u201cla suba del IPC de diciembre est\u00e1 explicada por la liberaci\u00f3n de precios que ven\u00edan artificialmente atrasados. Algo que hab\u00eda servido para mostrar un IPC m\u00e1s bajo en meses anteriores, pero que era insostenible\u201d.<\/p>\n<p>\u201dAhora vemos que los precios regulados est\u00e1n recuperando el terreno perdido y subiendo m\u00e1s que el resto&#8221;, agreg\u00f3.<\/p>\n","protected":false},"excerpt":{"rendered":"<p>El organismo oficial comunica el IPC del \u00faltimo mes del a\u00f1o y primero de la gesti\u00f3n de Milei, con el impacto fuerte de la devaluaci\u00f3n, y se espera que casi triplique el \u00faltimo per\u00edodo, noviembre, del anterior gobierno. Se espera que el de 2023 sea el dato anual m\u00e1s alto desde 1990 &nbsp; El Instituto Nacional de Estad\u00edstica y Censos (INDEC) informa este jueves la variaci\u00f3n que registr\u00f3 el \u00cdndice de Precios al Consumidor (IPC) en diciembre, primer mes de gesti\u00f3n de Javier Milei con impacto de sus medidas, y&#8230;<\/p>\n","protected":false},"author":3,"featured_media":111827,"comment_status":"closed","ping_status":"closed","sticky":false,"template":"","format":"standard","meta":[],"categories":[2],"tags":[],"_links":{"self":[{"href":"https:\/\/www.actualidadadiario.com\/index.php\/wp-json\/wp\/v2\/posts\/112967"}],"collection":[{"href":"https:\/\/www.actualidadadiario.com\/index.php\/wp-json\/wp\/v2\/posts"}],"about":[{"href":"https:\/\/www.actualidadadiario.com\/index.php\/wp-json\/wp\/v2\/types\/post"}],"author":[{"embeddable":true,"href":"https:\/\/www.actualidadadiario.com\/index.php\/wp-json\/wp\/v2\/users\/3"}],"replies":[{"embeddable":true,"href":"https:\/\/www.actualidadadiario.com\/index.php\/wp-json\/wp\/v2\/comments?post=112967"}],"version-history":[{"count":1,"href":"https:\/\/www.actualidadadiario.com\/index.php\/wp-json\/wp\/v2\/posts\/112967\/revisions"}],"predecessor-version":[{"id":112968,"href":"https:\/\/www.actualidadadiario.com\/index.php\/wp-json\/wp\/v2\/posts\/112967\/revisions\/112968"}],"wp:featuredmedia":[{"embeddable":true,"href":"https:\/\/www.actualidadadiario.com\/index.php\/wp-json\/wp\/v2\/media\/111827"}],"wp:attachment":[{"href":"https:\/\/www.actualidadadiario.com\/index.php\/wp-json\/wp\/v2\/media?parent=112967"}],"wp:term":[{"taxonomy":"category","embeddable":true,"href":"https:\/\/www.actualidadadiario.com\/index.php\/wp-json\/wp\/v2\/categories?post=112967"},{"taxonomy":"post_tag","embeddable":true,"href":"https:\/\/www.actualidadadiario.com\/index.php\/wp-json\/wp\/v2\/tags?post=112967"}],"curies":[{"name":"wp","href":"https:\/\/api.w.org\/{rel}","templated":true}]}}