{"id":112965,"date":"2024-01-11T12:12:23","date_gmt":"2024-01-11T15:12:23","guid":{"rendered":"https:\/\/www.actualidadadiario.com\/?p=112965"},"modified":"2024-01-11T12:12:23","modified_gmt":"2024-01-11T15:12:23","slug":"se-duplicaron-los-casos-de-covid-en-las-ultimas-semanas-y-alertan-que-el-ritmo-de-vacunacion-es-irrisorio","status":"publish","type":"post","link":"https:\/\/www.actualidadadiario.com\/index.php\/2024\/01\/11\/se-duplicaron-los-casos-de-covid-en-las-ultimas-semanas-y-alertan-que-el-ritmo-de-vacunacion-es-irrisorio\/","title":{"rendered":"Se duplicaron los casos de Covid en las \u00faltimas semanas y alertan que el ritmo de vacunaci\u00f3n es \u201cirrisorio\u201d"},"content":{"rendered":"<p style=\"text-align: center;\"><em><strong>\u201cHoy las afecciones respiratorias, por lo que dice el Bolet\u00edn Epidemiol\u00f3gico, son principalmente Covid\u201d, dijo Elena Obieta, de la Sociedad Argentina de Infectolog\u00eda. Mientras crece el impacto de la subvariante JN.1 en el hemisferio norte, a nivel local se registra un aumento de casos \u201clento y sostenido\u201d. La necesidad de refuerzos y de campa\u00f1as de informaci\u00f3n<\/strong><\/em><\/p>\n<p>&nbsp;<\/p>\n<p>&nbsp;<\/p>\n<p>Los datos son pocos, pero claros. Desde mediados de diciembre, los casos confirmados de Covid-19 en Argentina est\u00e1n en aumento. Y se duplicaron en las \u00faltimas dos semanas, mientras en el hemisferio norte hay una fuerte suba de contagios asociados a la nueva subvariante JN.1. A nivel local, si bien el n\u00famero total de casos registrados a\u00fan no es preocupante, los especialistas advierten sobre un factor que s\u00ed lo es: el baj\u00edsimo nivel de aplicaci\u00f3n de refuerzos de la vacuna. Menos de dos millones y medio de personas tienen un \u00faltimo refuerzo actualizado.<\/p>\n<p>En la semana del 18 de diciembre se reportaron 84 casos de Covid-19. Luego, en la semana navide\u00f1a, subieron a 117. En la primera semana de 2024 ya eran 212.<\/p>\n<p>\u201cLo \u00fanico que podemos hacer es comparar los casos que se informan con los de hace dos semanas, no mirar los n\u00fameros absolutos. Los casos se duplicaron\u201d, analiz\u00f3 el f\u00edsico Jorge Aliaga, de la Universidad Nacional de Hurlingham, uno de los pocos especialistas que viene siguiendo de forma semanal la progresi\u00f3n de casos desde el inicio de la pandemia, en marzo de 2020.<\/p>\n<p>Pese a la baja de testeos (s\u00f3lo a personas hospitalizadas o mayores de 60 con s\u00edntomas), Aliaga apunt\u00f3 a que las subas suelen darse luego de la aparici\u00f3n de nuevas variantes o subvariantes en el otro lado del mundo, como ocurre en este caso. En la Argentina, seg\u00fan el Ministerio de Salud, el 3 de enero se confirmaron tres casos de la variante JN.1.<\/p>\n<p>El cuadro confirma que el Covid no es un virus estacional. \u201cEn esta \u00e9poca del a\u00f1o es raro que sea gripe, si alguien tiene s\u00edntomas es probable que sea Covid. Pero probablemente no se sepa y no se registre\u201d, plante\u00f3 y agreg\u00f3: \u201cHay un indicador por el que me guio bastante si bien no es riguroso. Cuando empez\u00e1s a conocer mucha gente cercana con un cuadro parecido, es probable que sea Covid\u201d.<\/p>\n<p>&nbsp;<\/p>\n<p><strong>\u201cCifras irrisorias\u201d<\/strong><\/p>\n<p>\u201cEn el hemisferio norte hay mucha m\u00e1s circulaci\u00f3n viral y hay aumento de circulaci\u00f3n de Covid, influenza y virus sincitial respiratorio por los meses invernales, ac\u00e1 en verano estamos viendo sobre todo en las semanas de diciembre un incremento lento y sostenido de Covid. Hoy las afecciones respiratorias, por lo que dice el Bolet\u00edn Epidemiol\u00f3gico, son principalmente Covid\u201d, afirm\u00f3 Elena Obieta, m\u00e9dica infect\u00f3loga del Hospital de Boulogne e integrante de la Sociedad Argentina de Infectolog\u00eda. \u201cAfortunadamente no con las tasas de hospitalizaci\u00f3n y muerte que ten\u00edamos cuando no hab\u00eda vacunas. Pero nos preocupa que mucha gente piense que el Covid chau, ya est\u00e1, fue. Entonces concurren a lugares cerrados estando con s\u00edntomas respiratorios, dejan de vacunarse, no tienen un refuerzo anual\u201d, cuestion\u00f3 la especialista.<\/p>\n<p>Para el infect\u00f3logo Eduardo L\u00f3pez, jefe del departamento de Medicina del Hospital de Ni\u00f1os Ricardo Guti\u00e9rrez y director de la carrera de especialista en infectolog\u00eda pedi\u00e1trica de la Universidad de Buenos Aires (UBA), \u201cel ritmo de vacunaci\u00f3n es baj\u00edsimo, hay d\u00edas que se vacunan 100 personas a nivel nacional, seg\u00fan el Monitor P\u00fablico de Vacunaci\u00f3n. Estoy sorprendido, son cifras irrisorias. La sociedad considera que no hay m\u00e1s Covid y las autoridades \u2013del gobierno saliente- hicieron normas adecuadas pero no hicieron nada para que la gente se mantenga informada sobre el tema\u201d.<\/p>\n<p>Ante la consulta de este medio sobre la posibilidad de que se impulsen nuevas campa\u00f1as, desde el Ministerio de Salud \u2013a cargo de Mario Russo- respondieron que \u201cse contin\u00faa con las recomendaciones de vacunaci\u00f3n que est\u00e1n vigentes\u201d. Ni en las cuentas de X ni de Instagram de la cartera sanitaria de la actual gesti\u00f3n hubo alusi\u00f3n alguna al Covid. S\u00f3lo a enfermedades transmitidas por mosquitos.<\/p>\n<p>&nbsp;<\/p>\n<p><strong>A reforzar<\/strong><\/p>\n<p>\u201cEl Estado no ha hecho mucha campa\u00f1a y para las variantes que est\u00e1n circulando, las viejas vacunas no tienen tanta utilidad como la bivalente. Hay riesgo de entrar en el periodo invernal con gran cantidad de la poblaci\u00f3n no adecuadamente protegida\u201d, advirti\u00f3 L\u00f3pez. \u201cLa bivalente est\u00e1 disponible, pero la gente no va a vacunarse. Piensan \u2018como tengo cuatro dosis, ya estoy bien vacunado\u2019. Y no es as\u00ed. Que tengan tres refuerzos hay no m\u00e1s de dos millones y medio de personas\u201d, se\u00f1al\u00f3. En concreto, hasta este mi\u00e9rcoles, eran 2.451.827.<\/p>\n<p>\u201cEs una situaci\u00f3n para prender la luz amarilla. En Estados Unidos tienen un 35% de personas con esquema actualizado, en Inglaterra 70%. Ac\u00e1 tenemos 5-7% con suficientes refuerzos. El Ministerio recomienda a los mayores vacunarse cada seis meses, pero no se est\u00e1 dando. Pareciera que hacemos normas pero no se estimula la vacunaci\u00f3n. Como si dijeras \u2018no caigas al pozo, pero dej\u00e1s el pozo abierto\u2019\u201d, grafic\u00f3. Dijo adem\u00e1s que \u201cen Espa\u00f1a y Francia hay un aumento importante de casos, por eso volvieron a indicar el uso de barbijo y no ir a trabajar con s\u00edntomas respiratorios\u201d.<\/p>\n<p>La infect\u00f3loga Florencia Cahn, presidenta de la Sociedad Argentina de Vacunolog\u00eda y Epidemiolog\u00eda (SAVE), insisti\u00f3 sobre la importancia de mantener actualizados los refuerzos. \u201cLa inmunidad generada por la vacuna va disminuyendo con el tiempo, independientemente del n\u00famero de dosis recibidas previamente\u201d, explic\u00f3. Por eso, \u201csi ya pas\u00f3 un a\u00f1o desde la \u00faltima dosis, todas las personas mayores de 18 deben recibir un refuerzo anual. Necesitamos esta dosis de refuerzo para poder estar protegidos contra las formas graves, las hospitalizaciones y la muerte por Covid, que nunca dej\u00f3 de circular y en las \u00faltimas semanas hay un aumento de casos\u201d.<\/p>\n<p>La indicaci\u00f3n oficial para personas adultas sanas es un refuerzo anual, pero para mayores de 50 a\u00f1os, gestantes o con inmunocompromiso a partir de los 6 meses de vida, el refuerzo es cada seis meses.<\/p>\n<p>\u201cHasta donde sabemos hay disponibilidad de la vacuna. No ya en vacunatorios. Pero s\u00ed en hospitales comunes. Y, por ahora, es gratis\u201d, inst\u00f3 Aliaga para quienes necesiten refuerzos. La gesti\u00f3n saliente dej\u00f3 un stock de 4.233.480 dosis.<\/p>\n<p>Cada vez que registra una suba de casos, el f\u00edsico de la UNH procura \u201cque se hable un poco del tema y la gente que tiene que cuidarse lo haga. Que la gente grande piense en un refuerzo cada 6 meses. Que si vas a estar mucho tiempo en un lugar encerrado, ventiles, renueves el aire. Son cosas m\u00ednimas. Y algo en lo que vengo insistiendo, de sentido com\u00fan: si uno va a un hospital y se siente enfermo y va a estar entre gente enferma, ir con barbijo\u201d.<\/p>\n<p>A lo largo de 2023, aunque casi no se habl\u00f3 del tema, se reportaron 99.196 casos confirmados de Covid-19 en Argentina y 498 fallecimientos.<\/p>\n","protected":false},"excerpt":{"rendered":"<p>\u201cHoy las afecciones respiratorias, por lo que dice el Bolet\u00edn Epidemiol\u00f3gico, son principalmente Covid\u201d, dijo Elena Obieta, de la Sociedad Argentina de Infectolog\u00eda. Mientras crece el impacto de la subvariante JN.1 en el hemisferio norte, a nivel local se registra un aumento de casos \u201clento y sostenido\u201d. La necesidad de refuerzos y de campa\u00f1as de informaci\u00f3n &nbsp; &nbsp; Los datos son pocos, pero claros. Desde mediados de diciembre, los casos confirmados de Covid-19 en Argentina est\u00e1n en aumento. Y se duplicaron en las \u00faltimas dos semanas, mientras en el hemisferio&#8230;<\/p>\n","protected":false},"author":3,"featured_media":77547,"comment_status":"closed","ping_status":"closed","sticky":false,"template":"","format":"standard","meta":[],"categories":[2],"tags":[],"_links":{"self":[{"href":"https:\/\/www.actualidadadiario.com\/index.php\/wp-json\/wp\/v2\/posts\/112965"}],"collection":[{"href":"https:\/\/www.actualidadadiario.com\/index.php\/wp-json\/wp\/v2\/posts"}],"about":[{"href":"https:\/\/www.actualidadadiario.com\/index.php\/wp-json\/wp\/v2\/types\/post"}],"author":[{"embeddable":true,"href":"https:\/\/www.actualidadadiario.com\/index.php\/wp-json\/wp\/v2\/users\/3"}],"replies":[{"embeddable":true,"href":"https:\/\/www.actualidadadiario.com\/index.php\/wp-json\/wp\/v2\/comments?post=112965"}],"version-history":[{"count":1,"href":"https:\/\/www.actualidadadiario.com\/index.php\/wp-json\/wp\/v2\/posts\/112965\/revisions"}],"predecessor-version":[{"id":112966,"href":"https:\/\/www.actualidadadiario.com\/index.php\/wp-json\/wp\/v2\/posts\/112965\/revisions\/112966"}],"wp:featuredmedia":[{"embeddable":true,"href":"https:\/\/www.actualidadadiario.com\/index.php\/wp-json\/wp\/v2\/media\/77547"}],"wp:attachment":[{"href":"https:\/\/www.actualidadadiario.com\/index.php\/wp-json\/wp\/v2\/media?parent=112965"}],"wp:term":[{"taxonomy":"category","embeddable":true,"href":"https:\/\/www.actualidadadiario.com\/index.php\/wp-json\/wp\/v2\/categories?post=112965"},{"taxonomy":"post_tag","embeddable":true,"href":"https:\/\/www.actualidadadiario.com\/index.php\/wp-json\/wp\/v2\/tags?post=112965"}],"curies":[{"name":"wp","href":"https:\/\/api.w.org\/{rel}","templated":true}]}}