{"id":112962,"date":"2024-01-11T11:42:59","date_gmt":"2024-01-11T14:42:59","guid":{"rendered":"https:\/\/www.actualidadadiario.com\/?p=112962"},"modified":"2024-01-11T11:42:59","modified_gmt":"2024-01-11T14:42:59","slug":"ciclo-lectivo-2024-cuando-empiezan-las-clases-y-el-receso-en-cada-provincia","status":"publish","type":"post","link":"https:\/\/www.actualidadadiario.com\/index.php\/2024\/01\/11\/ciclo-lectivo-2024-cuando-empiezan-las-clases-y-el-receso-en-cada-provincia\/","title":{"rendered":"Ciclo lectivo 2024: cu\u00e1ndo empiezan las clases y el receso en cada provincia"},"content":{"rendered":"<p style=\"text-align: center;\"><em><strong>El Consejo Federal de Educaci\u00f3n defini\u00f3 el calendario escolar, el cual incluye 190 d\u00edas efectivos de clase. Se dio a conocer cu\u00e1ndo comienzan las clases en cada provincia y las fechas de las vacaciones de invierno<\/strong><\/em><\/p>\n<p>&nbsp;<\/p>\n<p>&nbsp;<\/p>\n<p>&nbsp;<\/p>\n<p>El Consejo Federal de Educaci\u00f3n defini\u00f3 el calendario escolar, el cual incluye 190 d\u00edas efectivos de clase. Los ministros de las 24 jurisdicciones se comprometieron a asegurar el cumplimiento de los 190 d\u00edas de clases efectivas, como lo establece la normativa vigente.<\/p>\n<p>Tambi\u00e9n se definieron las fechas de las vacaciones de invierno en julio y se determin\u00f3 el \u00faltimo d\u00eda del a\u00f1o lectivo.<\/p>\n<p>En la Ciudad de Buenos Aires las clases empezar\u00e1n el lunes 26 de febrero mientras que en la Provincia el inicio ser\u00e1 el viernes 1 de marzo, confirm\u00f3 este mi\u00e9rcoles la Secretar\u00eda de Educaci\u00f3n de la Naci\u00f3n.<\/p>\n<p>Las provincias que comienzan el mismo d\u00eda que la Ciudad son: C\u00f3rdoba, Corrientes, Entre R\u00edos, Formosa, Jujuy, Mendoza, Salta, San Luis y Santa Fe el 26 de febrero.<\/p>\n<p>Mientras que Catamarca, La Rioja y Santa Cruz dar\u00e1n inicio a las clases un d\u00eda despu\u00e9s, el 27 de febrero.<\/p>\n<p>En tanto, La Pampa, Tucum\u00e1n y Tierra del Fuego iniciar\u00e1n el ciclo lectivo 2024 el mismo d\u00eda que la Provincia de Buenos Aires, el 1 de marzo.<\/p>\n<p>Las \u00faltimas provincias en empezar son Chaco, Chubut, Misiones, Neuqu\u00e9n, San Juan y Santiago del Estero el 4 de marzo.<\/p>\n<p>Por otra parte, la provincia de Rio Negro tendr\u00e1, en febrero, un per\u00edodo de intensificaci\u00f3n del 14 al 26 de febrero y las clases dar\u00e1n inicio el 11 de marzo.<\/p>\n<p>&nbsp;<\/p>\n<p><strong>\u00bfCu\u00e1ndo son las vacaciones de invierno?<\/strong><\/p>\n<p>El receso escolar de invierno en CABA y en Provincia es del 15 al 26 de julio al igual que en Corrientes, Formosa, Jujuy, Santa Cruz, Chaco, Chubut, Misiones, Santiago del Estero y Tierra del Fuego.<\/p>\n<p>Por otro lado, C\u00f3rdoba, Entre R\u00edos, Mendoza, Salta, San Luis, Santa Fe, Catamarca, La Rioja Tucum\u00e1n, Neuqu\u00e9n, San Juan y Rio Negro tendr\u00e1n vacaciones de inverno desde el 8 hasta el 19 de julio.<\/p>\n<p>Por \u00faltimo, en La Pampa, el receso ser\u00e1 del 10 al 23 de julio.<\/p>\n","protected":false},"excerpt":{"rendered":"<p>El Consejo Federal de Educaci\u00f3n defini\u00f3 el calendario escolar, el cual incluye 190 d\u00edas efectivos de clase. Se dio a conocer cu\u00e1ndo comienzan las clases en cada provincia y las fechas de las vacaciones de invierno &nbsp; &nbsp; &nbsp; El Consejo Federal de Educaci\u00f3n defini\u00f3 el calendario escolar, el cual incluye 190 d\u00edas efectivos de clase. Los ministros de las 24 jurisdicciones se comprometieron a asegurar el cumplimiento de los 190 d\u00edas de clases efectivas, como lo establece la normativa vigente. Tambi\u00e9n se definieron las fechas de las vacaciones de&#8230;<\/p>\n","protected":false},"author":3,"featured_media":110557,"comment_status":"closed","ping_status":"closed","sticky":false,"template":"","format":"standard","meta":[],"categories":[9],"tags":[],"_links":{"self":[{"href":"https:\/\/www.actualidadadiario.com\/index.php\/wp-json\/wp\/v2\/posts\/112962"}],"collection":[{"href":"https:\/\/www.actualidadadiario.com\/index.php\/wp-json\/wp\/v2\/posts"}],"about":[{"href":"https:\/\/www.actualidadadiario.com\/index.php\/wp-json\/wp\/v2\/types\/post"}],"author":[{"embeddable":true,"href":"https:\/\/www.actualidadadiario.com\/index.php\/wp-json\/wp\/v2\/users\/3"}],"replies":[{"embeddable":true,"href":"https:\/\/www.actualidadadiario.com\/index.php\/wp-json\/wp\/v2\/comments?post=112962"}],"version-history":[{"count":1,"href":"https:\/\/www.actualidadadiario.com\/index.php\/wp-json\/wp\/v2\/posts\/112962\/revisions"}],"predecessor-version":[{"id":112963,"href":"https:\/\/www.actualidadadiario.com\/index.php\/wp-json\/wp\/v2\/posts\/112962\/revisions\/112963"}],"wp:featuredmedia":[{"embeddable":true,"href":"https:\/\/www.actualidadadiario.com\/index.php\/wp-json\/wp\/v2\/media\/110557"}],"wp:attachment":[{"href":"https:\/\/www.actualidadadiario.com\/index.php\/wp-json\/wp\/v2\/media?parent=112962"}],"wp:term":[{"taxonomy":"category","embeddable":true,"href":"https:\/\/www.actualidadadiario.com\/index.php\/wp-json\/wp\/v2\/categories?post=112962"},{"taxonomy":"post_tag","embeddable":true,"href":"https:\/\/www.actualidadadiario.com\/index.php\/wp-json\/wp\/v2\/tags?post=112962"}],"curies":[{"name":"wp","href":"https:\/\/api.w.org\/{rel}","templated":true}]}}