{"id":112958,"date":"2024-01-11T11:39:43","date_gmt":"2024-01-11T14:39:43","guid":{"rendered":"https:\/\/www.actualidadadiario.com\/?p=112958"},"modified":"2024-01-11T11:39:43","modified_gmt":"2024-01-11T14:39:43","slug":"manana-retoman-las-actividades-de-perforacion-termal-en-santa-ana-con-un-plazo-de-50-dias-para-concluirla","status":"publish","type":"post","link":"https:\/\/www.actualidadadiario.com\/index.php\/2024\/01\/11\/manana-retoman-las-actividades-de-perforacion-termal-en-santa-ana-con-un-plazo-de-50-dias-para-concluirla\/","title":{"rendered":"Ma\u00f1ana retoman las actividades de perforaci\u00f3n termal en Santa Ana, con un plazo de 50 d\u00edas para concluirla"},"content":{"rendered":"<p style=\"text-align: center;\"><em><strong>Este viernes, el personal de la empresa Velitec que lleva adelante la perforaci\u00f3n del pozo termal de Santa Ana, se reintegra a las actividades tras un per\u00edodo de vacaciones coordinado con el municipio<\/strong><\/em><\/p>\n<p>&nbsp;<\/p>\n<p>&nbsp;<\/p>\n<p>\u201cLa perforaci\u00f3n alcanza los 500 metros\u201d, tal indic\u00f3 el intendente Rogelio Zanandrea, anticipando que se hizo una adenda al convenio, con un plazo de 50 d\u00edas m\u00e1s para concluir la obra.<\/p>\n<p>\u201cToda demora es a cargo de la empresa, no implica mayor gasto al municipio\u201d, insisti\u00f3 al igual que en otras oportunidades.<\/p>\n<p>\u201cEl aporte desde el municipio se va realizando de acuerdo al certificado de obra. Con la provincia ten\u00edamos un convenio de aporte financiero de 200 millones de pesos para la mano de obra y bajada de ca\u00f1o. Hasta ahora recibimos 50 millones de pesos\u201d, dijo sobre uno de los aspectos que fue abordado con el ministro del Infraestructura y Servicios, Dar\u00edo Schneider.<\/p>\n<p>\u201cLos convenios que est\u00e1n firmados se van a respetar. Todas las obras iniciadas y en grado de avance se van a seguir, porque hay obras que es m\u00e1s caro pararlas que continuarlas, tal como dijo el gobernador (Rogelio Frigerio)\u201d, apunt\u00f3.<\/p>\n<p>\u201cNo obstante, el municipio tiene recursos suficientes para hacerle frente. Tenemos todos los servicios funcionando muy bien (\u2026) En marzo podremos terminar el edificio municipal. No se resinti\u00f3 nada. Hemos tenido m\u00e1s de 11 obras todas en marcha con recursos municipales\u201d, concluy\u00f3.<\/p>\n","protected":false},"excerpt":{"rendered":"<p>Este viernes, el personal de la empresa Velitec que lleva adelante la perforaci\u00f3n del pozo termal de Santa Ana, se reintegra a las actividades tras un per\u00edodo de vacaciones coordinado con el municipio &nbsp; &nbsp; \u201cLa perforaci\u00f3n alcanza los 500 metros\u201d, tal indic\u00f3 el intendente Rogelio Zanandrea, anticipando que se hizo una adenda al convenio, con un plazo de 50 d\u00edas m\u00e1s para concluir la obra. \u201cToda demora es a cargo de la empresa, no implica mayor gasto al municipio\u201d, insisti\u00f3 al igual que en otras oportunidades. \u201cEl aporte desde&#8230;<\/p>\n","protected":false},"author":3,"featured_media":112191,"comment_status":"closed","ping_status":"closed","sticky":false,"template":"","format":"standard","meta":[],"categories":[15],"tags":[],"_links":{"self":[{"href":"https:\/\/www.actualidadadiario.com\/index.php\/wp-json\/wp\/v2\/posts\/112958"}],"collection":[{"href":"https:\/\/www.actualidadadiario.com\/index.php\/wp-json\/wp\/v2\/posts"}],"about":[{"href":"https:\/\/www.actualidadadiario.com\/index.php\/wp-json\/wp\/v2\/types\/post"}],"author":[{"embeddable":true,"href":"https:\/\/www.actualidadadiario.com\/index.php\/wp-json\/wp\/v2\/users\/3"}],"replies":[{"embeddable":true,"href":"https:\/\/www.actualidadadiario.com\/index.php\/wp-json\/wp\/v2\/comments?post=112958"}],"version-history":[{"count":1,"href":"https:\/\/www.actualidadadiario.com\/index.php\/wp-json\/wp\/v2\/posts\/112958\/revisions"}],"predecessor-version":[{"id":112959,"href":"https:\/\/www.actualidadadiario.com\/index.php\/wp-json\/wp\/v2\/posts\/112958\/revisions\/112959"}],"wp:featuredmedia":[{"embeddable":true,"href":"https:\/\/www.actualidadadiario.com\/index.php\/wp-json\/wp\/v2\/media\/112191"}],"wp:attachment":[{"href":"https:\/\/www.actualidadadiario.com\/index.php\/wp-json\/wp\/v2\/media?parent=112958"}],"wp:term":[{"taxonomy":"category","embeddable":true,"href":"https:\/\/www.actualidadadiario.com\/index.php\/wp-json\/wp\/v2\/categories?post=112958"},{"taxonomy":"post_tag","embeddable":true,"href":"https:\/\/www.actualidadadiario.com\/index.php\/wp-json\/wp\/v2\/tags?post=112958"}],"curies":[{"name":"wp","href":"https:\/\/api.w.org\/{rel}","templated":true}]}}