{"id":112955,"date":"2024-01-11T11:38:13","date_gmt":"2024-01-11T14:38:13","guid":{"rendered":"https:\/\/www.actualidadadiario.com\/?p=112955"},"modified":"2024-01-11T11:38:13","modified_gmt":"2024-01-11T14:38:13","slug":"frigerio-mantiene-ronda-de-reuniones-con-funcionarios-nacionales","status":"publish","type":"post","link":"https:\/\/www.actualidadadiario.com\/index.php\/2024\/01\/11\/frigerio-mantiene-ronda-de-reuniones-con-funcionarios-nacionales\/","title":{"rendered":"Frigerio mantiene ronda de reuniones con funcionarios nacionales"},"content":{"rendered":"<p style=\"text-align: center;\"><em><strong>Entre este jueves y viernes el gobernador Rogelio Frigerio mantendr\u00e1 en la ciudad de Buenos Aires una serie de reuniones con funcionarios del Gobierno nacional. Dialogar\u00e1 con dirigentes de Anses, Vialidad, del Ministerio del Interior y de Energ\u00eda<\/strong><\/em><\/p>\n<p>&nbsp;<\/p>\n<p>&nbsp;<\/p>\n<p>Tal como lo adelant\u00f3 en la conferencia de prensa que brind\u00f3 el martes, el mandatario se reunir\u00e1 este jueves y viernes con distintos dirigentes que integran el Gobierno nacional que conduce Javier Milei.<\/p>\n<p>Este jueves dialogar\u00e1 con Osvaldo Giordano, director Ejecutivo de la Administraci\u00f3n Nacional de la Seguridad Social (Anses); con Ra\u00fal Bertola, de la Direcci\u00f3n Nacional de Vialidad; y con el ministro del Interior, Guillermo Francos.<\/p>\n<p>En tanto, este viernes se reunir\u00e1 con el Secretario de Energ\u00eda de la Naci\u00f3n, Eduardo Rodr\u00edguez Chirillo.<\/p>\n<p>Cabe recordar que d\u00edas atr\u00e1s el gobernador se reuni\u00f3 con el ministro de Infraestructura, Guillermo Ferraro, con la canciller Diana Mondino y con el secretario de Finanzas, Pablo Quirno.<\/p>\n","protected":false},"excerpt":{"rendered":"<p>Entre este jueves y viernes el gobernador Rogelio Frigerio mantendr\u00e1 en la ciudad de Buenos Aires una serie de reuniones con funcionarios del Gobierno nacional. Dialogar\u00e1 con dirigentes de Anses, Vialidad, del Ministerio del Interior y de Energ\u00eda &nbsp; &nbsp; Tal como lo adelant\u00f3 en la conferencia de prensa que brind\u00f3 el martes, el mandatario se reunir\u00e1 este jueves y viernes con distintos dirigentes que integran el Gobierno nacional que conduce Javier Milei. Este jueves dialogar\u00e1 con Osvaldo Giordano, director Ejecutivo de la Administraci\u00f3n Nacional de la Seguridad Social (Anses);&#8230;<\/p>\n","protected":false},"author":3,"featured_media":112956,"comment_status":"closed","ping_status":"closed","sticky":false,"template":"","format":"standard","meta":[],"categories":[15],"tags":[],"_links":{"self":[{"href":"https:\/\/www.actualidadadiario.com\/index.php\/wp-json\/wp\/v2\/posts\/112955"}],"collection":[{"href":"https:\/\/www.actualidadadiario.com\/index.php\/wp-json\/wp\/v2\/posts"}],"about":[{"href":"https:\/\/www.actualidadadiario.com\/index.php\/wp-json\/wp\/v2\/types\/post"}],"author":[{"embeddable":true,"href":"https:\/\/www.actualidadadiario.com\/index.php\/wp-json\/wp\/v2\/users\/3"}],"replies":[{"embeddable":true,"href":"https:\/\/www.actualidadadiario.com\/index.php\/wp-json\/wp\/v2\/comments?post=112955"}],"version-history":[{"count":1,"href":"https:\/\/www.actualidadadiario.com\/index.php\/wp-json\/wp\/v2\/posts\/112955\/revisions"}],"predecessor-version":[{"id":112957,"href":"https:\/\/www.actualidadadiario.com\/index.php\/wp-json\/wp\/v2\/posts\/112955\/revisions\/112957"}],"wp:featuredmedia":[{"embeddable":true,"href":"https:\/\/www.actualidadadiario.com\/index.php\/wp-json\/wp\/v2\/media\/112956"}],"wp:attachment":[{"href":"https:\/\/www.actualidadadiario.com\/index.php\/wp-json\/wp\/v2\/media?parent=112955"}],"wp:term":[{"taxonomy":"category","embeddable":true,"href":"https:\/\/www.actualidadadiario.com\/index.php\/wp-json\/wp\/v2\/categories?post=112955"},{"taxonomy":"post_tag","embeddable":true,"href":"https:\/\/www.actualidadadiario.com\/index.php\/wp-json\/wp\/v2\/tags?post=112955"}],"curies":[{"name":"wp","href":"https:\/\/api.w.org\/{rel}","templated":true}]}}