{"id":112953,"date":"2024-01-11T11:36:32","date_gmt":"2024-01-11T14:36:32","guid":{"rendered":"https:\/\/www.actualidadadiario.com\/?p=112953"},"modified":"2024-01-11T11:36:32","modified_gmt":"2024-01-11T14:36:32","slug":"en-20-dias-comienza-a-regir-un-nuevo-cuadro-tarifario-en-la-provincia-de-entre-rios","status":"publish","type":"post","link":"https:\/\/www.actualidadadiario.com\/index.php\/2024\/01\/11\/en-20-dias-comienza-a-regir-un-nuevo-cuadro-tarifario-en-la-provincia-de-entre-rios\/","title":{"rendered":"En 20 d\u00edas comienza a regir un nuevo cuadro tarifario en la provincia de Entre R\u00edos"},"content":{"rendered":"<p style=\"text-align: center;\"><em><strong>El vicepresidente de la Cooperativa El\u00e9ctrica de Concordia, Mart\u00edn Santana, record\u00f3 que durante el 2023 ya se traz\u00f3 un nuevo cuadro tarifario. En ese marco, explic\u00f3 que si alg\u00fan usuario tiene hoy aumentos en lo que paga, son solo por mayor consumo<\/strong><\/em><\/p>\n<p>&nbsp;<\/p>\n<p>&nbsp;<\/p>\n<p>Santana contextualiz\u00f3 el actual escenario de las tarifas a nivel nacional y se\u00f1al\u00f3 que durante el lunes &#8220;en la audiencia p\u00fablica, espec\u00edficamente del gas, que se dio a trav\u00e9s de la Secretar\u00eda de Energ\u00eda, se expresaron algunas ideas respecto de lo que ser\u00e1n las tarifas con lo solicitado por las empresas&#8221;.<\/p>\n<p>En la oportunidad, &#8220;el secretario de Energ\u00eda se refiri\u00f3 a un nuevo concepto que es una canasta energ\u00e9tica, compuesta por gas y energ\u00eda&#8221;, detall\u00f3.<\/p>\n<p>&nbsp;<\/p>\n<p><strong>Anuncios<\/strong><\/p>\n<p>Adem\u00e1s, seg\u00fan puntualiz\u00f3 Santana, lo que se mencion\u00f3 es que &#8220;va a continuar la segmentaci\u00f3n, es decir, de acuerdo a ingresos&#8221;, pero medido por las mencionadas canastas energ\u00e9ticas. En ese sentido, record\u00f3 que &#8220;en Concordia tenemos una segmentaci\u00f3n en estos niveles 1, 2 y 3 de, aproximadamente 40% en nivel 1, 40% en nivel 2 y apenas 20% en nivel 3&#8221;.<\/p>\n<p>Por un lado &#8220;se habla de una continuidad de los subsidios, a determinar, se habla de una continuidad de conceptos de segmentaci\u00f3n y se introduce este nuevo concepto de canasta energ\u00e9tica&#8221;, a\u00f1adi\u00f3.<\/p>\n<p>Con respecto a estas novedades, &#8220;se mencion\u00f3 que pod\u00eda ser a partir de febrero pero algunas publicaciones hablan de marzo o abril&#8221;, destac\u00f3 el vicepresidente del Consejo de Administraci\u00f3n de la Cooperativa El\u00e9ctrica.<\/p>\n<p>Seg\u00fan explic\u00f3, &#8220;una vez comunicado a las provincias, las provincias deber\u00e1n ver c\u00f3mo lo implementan tambi\u00e9n&#8221;.<\/p>\n<p>&nbsp;<\/p>\n<p><strong>Tarifas<\/strong><\/p>\n<p>Por \u00faltimo, Santana dej\u00f3 en claro que en la actualidad &#8220;tenemos vigente un cuadro tarifario que va desde el 1 de noviembre al 31 de enero, es decir que los precios ya est\u00e1n fijados, no es que si se paga m\u00e1s es por un aumento en el pedio de la energ\u00eda&#8221;.<\/p>\n<p>Por eso, aclar\u00f3, que &#8220;si a alguien en este momento, con las facturas que van a llegar pronto a las casas y que vencen en febrero, les llega un aumento es porque seguramente consumi\u00f3 en kilovatios un poco m\u00e1s que el mes anterior, porque tienen las lecturas del mes de noviembre y de diciembre pero el precio es el mismo&#8221;.<\/p>\n<p>Sin embargo, record\u00f3 que, el nuevo cuadro tarifario, que ya fue dictado el a\u00f1o pasado, &#8220;va desde el 1 de febrero al 30 de abril y prev\u00e9 un aumento de alrededor del 18 por ciento y que para algunos tal vez llegue al 20, de acuerdo a los niveles de segmentaci\u00f3n&#8221;.<\/p>\n<p>Pasando en limpio, a partir del primero de febrero &#8220;la energ\u00eda que consumamos durante todo el mes de febrero, se mide en el mes de marzo y se paga en abril y ah\u00ed, en las facturas de abril. Ah\u00ed s\u00ed vamos a anotar un peque\u00f1o aumento&#8221;, subray\u00f3 Santana. Sin descartar que otras novedades de precio podr\u00eda venir por medidas que se tomen en este escenario complejo que se atraviesa.<\/p>\n","protected":false},"excerpt":{"rendered":"<p>El vicepresidente de la Cooperativa El\u00e9ctrica de Concordia, Mart\u00edn Santana, record\u00f3 que durante el 2023 ya se traz\u00f3 un nuevo cuadro tarifario. En ese marco, explic\u00f3 que si alg\u00fan usuario tiene hoy aumentos en lo que paga, son solo por mayor consumo &nbsp; &nbsp; Santana contextualiz\u00f3 el actual escenario de las tarifas a nivel nacional y se\u00f1al\u00f3 que durante el lunes &#8220;en la audiencia p\u00fablica, espec\u00edficamente del gas, que se dio a trav\u00e9s de la Secretar\u00eda de Energ\u00eda, se expresaron algunas ideas respecto de lo que ser\u00e1n las tarifas con&#8230;<\/p>\n","protected":false},"author":3,"featured_media":86201,"comment_status":"closed","ping_status":"closed","sticky":false,"template":"","format":"standard","meta":[],"categories":[15],"tags":[],"_links":{"self":[{"href":"https:\/\/www.actualidadadiario.com\/index.php\/wp-json\/wp\/v2\/posts\/112953"}],"collection":[{"href":"https:\/\/www.actualidadadiario.com\/index.php\/wp-json\/wp\/v2\/posts"}],"about":[{"href":"https:\/\/www.actualidadadiario.com\/index.php\/wp-json\/wp\/v2\/types\/post"}],"author":[{"embeddable":true,"href":"https:\/\/www.actualidadadiario.com\/index.php\/wp-json\/wp\/v2\/users\/3"}],"replies":[{"embeddable":true,"href":"https:\/\/www.actualidadadiario.com\/index.php\/wp-json\/wp\/v2\/comments?post=112953"}],"version-history":[{"count":1,"href":"https:\/\/www.actualidadadiario.com\/index.php\/wp-json\/wp\/v2\/posts\/112953\/revisions"}],"predecessor-version":[{"id":112954,"href":"https:\/\/www.actualidadadiario.com\/index.php\/wp-json\/wp\/v2\/posts\/112953\/revisions\/112954"}],"wp:featuredmedia":[{"embeddable":true,"href":"https:\/\/www.actualidadadiario.com\/index.php\/wp-json\/wp\/v2\/media\/86201"}],"wp:attachment":[{"href":"https:\/\/www.actualidadadiario.com\/index.php\/wp-json\/wp\/v2\/media?parent=112953"}],"wp:term":[{"taxonomy":"category","embeddable":true,"href":"https:\/\/www.actualidadadiario.com\/index.php\/wp-json\/wp\/v2\/categories?post=112953"},{"taxonomy":"post_tag","embeddable":true,"href":"https:\/\/www.actualidadadiario.com\/index.php\/wp-json\/wp\/v2\/tags?post=112953"}],"curies":[{"name":"wp","href":"https:\/\/api.w.org\/{rel}","templated":true}]}}