{"id":112948,"date":"2024-01-11T11:34:23","date_gmt":"2024-01-11T14:34:23","guid":{"rendered":"https:\/\/www.actualidadadiario.com\/?p=112948"},"modified":"2024-01-11T11:34:23","modified_gmt":"2024-01-11T14:34:23","slug":"en-parana-y-concepcion-se-hicieron-sentir-los-cacerolazos-en-defensa-de-la-cultura-y-contra-el-dnu-de-milei","status":"publish","type":"post","link":"https:\/\/www.actualidadadiario.com\/index.php\/2024\/01\/11\/en-parana-y-concepcion-se-hicieron-sentir-los-cacerolazos-en-defensa-de-la-cultura-y-contra-el-dnu-de-milei\/","title":{"rendered":"En Paran\u00e1 y Concepci\u00f3n se hicieron sentir los cacerolazos en defensa de la cultura y contra el DNU de Milei"},"content":{"rendered":"<p style=\"text-align: center;\"><em><strong>En la capital provincial y en Concepci\u00f3n del Uruguay se llevaron a cabo cacerolazos en contra de las medidas que propone implementar el Gobierno nacional en materia cultural. El mi\u00e9rcoles a las 20:30 volver\u00e1n a realizar protestas<\/strong><\/em><\/p>\n<p>&nbsp;<\/p>\n<p>&nbsp;<\/p>\n<p>Este mi\u00e9rcoles, diferentes sectores de la cultura realizaron un cacerolazo en defensa de la cultura, y contra el DNU 70\/2023 y la Ley \u00d3mnibus.<\/p>\n<p>El encuentro, que se desarroll\u00f3 este mi\u00e9rcoles en la explanada de Casa de Gobierno, cont\u00f3 con la adhesi\u00f3n de la Cooperativa Rizoma Cultura Emergente, que se present\u00f3 con consignas y reclamos propios.<\/p>\n<p>Desde ese colectivo difundieron un comunicado en el que expresan su preocupaci\u00f3n por las medidas y afirman que \u201cno solo son inconstitucionales, sino que avasallan derechos y dejan en manos de los poderes econ\u00f3micos concentrados, el laburo y el porvenir de amigos y colegas trabajadores culturales\u201d.<\/p>\n<p>\u201cLa feroz devaluaci\u00f3n, el desfinanciamiento de las instituciones y la desregulaci\u00f3n en leyes fundamentales que han llevado a\u00f1os de lucha y conquista, generan desempleo y el empobrecimiento, pero sobre todo, ponen en jaque la supervivencia de Pymes culturales, cooperativas y trabajadores culturales populares; incrementando el deterioro intelectual, recreativo y educativo de nuestra gente, favoreciendo \u00fanicamente a las grandes industrias culturales de siempre.<\/p>\n<p>&nbsp;<\/p>\n<p><strong>En Concepci\u00f3n tambi\u00e9n<\/strong><\/p>\n<p>Cientos de vecinos y vecinas de Concepci\u00f3n del Uruguay se dieron cita en la Plaza Ram\u00edrez. Adem\u00e1s de la marcha alrededor de la plaza, en esta oportunidad la actividad cont\u00f3 tambi\u00e9n con el acompa\u00f1amiento de artistas populares que nutrieron la jornada por medio de expresiones musicales y teatrales, algo que se replic\u00f3 en numerosas partes del pa\u00eds recordando que el campo de la cultura es uno de los grandes damnificados por las medidas que pretende imponer el Poder Ejecutivo.<\/p>\n<p>Tambi\u00e9n se retom\u00f3 el planteo de exigir a los m\u00e1ximos representantes pol\u00edticos del municipio que se expidan al respecto del DNU y la Ley \u00d3mnibus, buscando as\u00ed reforzar esta pelea que se est\u00e1 librando en la calles y en los \u00e1mbitos judicial, legislativo y medi\u00e1tico, as\u00ed como tambi\u00e9n con la convocatoria al paro general para el 24 de enero por parte de las centrales obreras, acci\u00f3n que debe hacerse sentir en cada rinc\u00f3n de la Argentina.<\/p>\n<p>La jornada de lucha y resistencia concluy\u00f3 una vez m\u00e1s con el uso de la palabra por parte de representantes de diferentes sectores sociales, pol\u00edticos, sindicales y fundamentalmente de ciudadanas y ciudadanos autoconvocados bajo la consigna &#8220;Democracia S\u00ed&#8221;, quienes volvieron a ratificar la continuidad de la convocatoria para el pr\u00f3ximo mi\u00e9rcoles 17 de enero a las 20:30.<\/p>\n","protected":false},"excerpt":{"rendered":"<p>En la capital provincial y en Concepci\u00f3n del Uruguay se llevaron a cabo cacerolazos en contra de las medidas que propone implementar el Gobierno nacional en materia cultural. El mi\u00e9rcoles a las 20:30 volver\u00e1n a realizar protestas &nbsp; &nbsp; Este mi\u00e9rcoles, diferentes sectores de la cultura realizaron un cacerolazo en defensa de la cultura, y contra el DNU 70\/2023 y la Ley \u00d3mnibus. El encuentro, que se desarroll\u00f3 este mi\u00e9rcoles en la explanada de Casa de Gobierno, cont\u00f3 con la adhesi\u00f3n de la Cooperativa Rizoma Cultura Emergente, que se present\u00f3&#8230;<\/p>\n","protected":false},"author":3,"featured_media":112949,"comment_status":"closed","ping_status":"closed","sticky":false,"template":"","format":"standard","meta":[],"categories":[15],"tags":[],"_links":{"self":[{"href":"https:\/\/www.actualidadadiario.com\/index.php\/wp-json\/wp\/v2\/posts\/112948"}],"collection":[{"href":"https:\/\/www.actualidadadiario.com\/index.php\/wp-json\/wp\/v2\/posts"}],"about":[{"href":"https:\/\/www.actualidadadiario.com\/index.php\/wp-json\/wp\/v2\/types\/post"}],"author":[{"embeddable":true,"href":"https:\/\/www.actualidadadiario.com\/index.php\/wp-json\/wp\/v2\/users\/3"}],"replies":[{"embeddable":true,"href":"https:\/\/www.actualidadadiario.com\/index.php\/wp-json\/wp\/v2\/comments?post=112948"}],"version-history":[{"count":1,"href":"https:\/\/www.actualidadadiario.com\/index.php\/wp-json\/wp\/v2\/posts\/112948\/revisions"}],"predecessor-version":[{"id":112950,"href":"https:\/\/www.actualidadadiario.com\/index.php\/wp-json\/wp\/v2\/posts\/112948\/revisions\/112950"}],"wp:featuredmedia":[{"embeddable":true,"href":"https:\/\/www.actualidadadiario.com\/index.php\/wp-json\/wp\/v2\/media\/112949"}],"wp:attachment":[{"href":"https:\/\/www.actualidadadiario.com\/index.php\/wp-json\/wp\/v2\/media?parent=112948"}],"wp:term":[{"taxonomy":"category","embeddable":true,"href":"https:\/\/www.actualidadadiario.com\/index.php\/wp-json\/wp\/v2\/categories?post=112948"},{"taxonomy":"post_tag","embeddable":true,"href":"https:\/\/www.actualidadadiario.com\/index.php\/wp-json\/wp\/v2\/tags?post=112948"}],"curies":[{"name":"wp","href":"https:\/\/api.w.org\/{rel}","templated":true}]}}