{"id":112945,"date":"2024-01-11T11:32:32","date_gmt":"2024-01-11T14:32:32","guid":{"rendered":"https:\/\/www.actualidadadiario.com\/?p=112945"},"modified":"2024-01-11T11:32:32","modified_gmt":"2024-01-11T14:32:32","slug":"intendentes-peronistas-de-la-region-analizan-la-coyuntura-provincial-nacional-y-el-peronismo-que-viene","status":"publish","type":"post","link":"https:\/\/www.actualidadadiario.com\/index.php\/2024\/01\/11\/intendentes-peronistas-de-la-region-analizan-la-coyuntura-provincial-nacional-y-el-peronismo-que-viene\/","title":{"rendered":"Intendentes peronistas de la regi\u00f3n analizan la coyuntura provincial, nacional y el peronismo que viene"},"content":{"rendered":"<p style=\"text-align: center;\"><em><strong>En Puerto Yeru\u00e1 se reunieron intendentes peronistas de la regi\u00f3n, donde analizaron aspectos centrales del rol municipal en la coyuntura nacional,\u00a0 provincial y tambi\u00e9n con miras a las elecciones internas del PJ provincial en el mes de marzo<\/strong><\/em><\/p>\n<p>&nbsp;<\/p>\n<p>&nbsp;<\/p>\n<p>El intendente Daniel Ben\u00edtez fue el anfitri\u00f3n de la reuni\u00f3n de la que participaron Intendentes del departamento Feliciano, Federaci\u00f3n, Concordia y Concepci\u00f3n del Uruguay.<\/p>\n<p>Los jefes comunales destacaron que la renovaci\u00f3n del partido ser\u00e1 clave para volver a ser una oposici\u00f3n seria y volver a ser opci\u00f3n electoral con vocaci\u00f3n de gobierno, adem\u00e1s se refirieron al futuro de la Liga de Intendentes del PJ, \u00f3rgano que tiene un rol fundamental en la b\u00fasqueda de consensos y l\u00edneas de trabajo concretas para dar respuestas a los vecinos de cada comuna.<\/p>\n<p>Participaron del encuentro Dami\u00e1n Ar\u00e9valo intendente de Feliciano; Ricardo Bravo por\u00a0 Federaci\u00f3n;\u00a0 Ariel Stuker de La Criolla; Gustavo Basti\u00e1n de San Jos\u00e9; Hern\u00e1n Niz por Villa Mantero; Mauro D\u00edaz Ch\u00e1vez de Aldea San Antonio; Ricardo Sandoval de Pronunciamiento; Juan Amavet de Santa Anita; Fernando Viganoni por San Justo y Daniel Benitez por Puerto Yeru\u00e1.<\/p>\n","protected":false},"excerpt":{"rendered":"<p>En Puerto Yeru\u00e1 se reunieron intendentes peronistas de la regi\u00f3n, donde analizaron aspectos centrales del rol municipal en la coyuntura nacional,\u00a0 provincial y tambi\u00e9n con miras a las elecciones internas del PJ provincial en el mes de marzo &nbsp; &nbsp; El intendente Daniel Ben\u00edtez fue el anfitri\u00f3n de la reuni\u00f3n de la que participaron Intendentes del departamento Feliciano, Federaci\u00f3n, Concordia y Concepci\u00f3n del Uruguay. Los jefes comunales destacaron que la renovaci\u00f3n del partido ser\u00e1 clave para volver a ser una oposici\u00f3n seria y volver a ser opci\u00f3n electoral con vocaci\u00f3n&#8230;<\/p>\n","protected":false},"author":3,"featured_media":112946,"comment_status":"closed","ping_status":"closed","sticky":false,"template":"","format":"standard","meta":[],"categories":[15],"tags":[],"_links":{"self":[{"href":"https:\/\/www.actualidadadiario.com\/index.php\/wp-json\/wp\/v2\/posts\/112945"}],"collection":[{"href":"https:\/\/www.actualidadadiario.com\/index.php\/wp-json\/wp\/v2\/posts"}],"about":[{"href":"https:\/\/www.actualidadadiario.com\/index.php\/wp-json\/wp\/v2\/types\/post"}],"author":[{"embeddable":true,"href":"https:\/\/www.actualidadadiario.com\/index.php\/wp-json\/wp\/v2\/users\/3"}],"replies":[{"embeddable":true,"href":"https:\/\/www.actualidadadiario.com\/index.php\/wp-json\/wp\/v2\/comments?post=112945"}],"version-history":[{"count":1,"href":"https:\/\/www.actualidadadiario.com\/index.php\/wp-json\/wp\/v2\/posts\/112945\/revisions"}],"predecessor-version":[{"id":112947,"href":"https:\/\/www.actualidadadiario.com\/index.php\/wp-json\/wp\/v2\/posts\/112945\/revisions\/112947"}],"wp:featuredmedia":[{"embeddable":true,"href":"https:\/\/www.actualidadadiario.com\/index.php\/wp-json\/wp\/v2\/media\/112946"}],"wp:attachment":[{"href":"https:\/\/www.actualidadadiario.com\/index.php\/wp-json\/wp\/v2\/media?parent=112945"}],"wp:term":[{"taxonomy":"category","embeddable":true,"href":"https:\/\/www.actualidadadiario.com\/index.php\/wp-json\/wp\/v2\/categories?post=112945"},{"taxonomy":"post_tag","embeddable":true,"href":"https:\/\/www.actualidadadiario.com\/index.php\/wp-json\/wp\/v2\/tags?post=112945"}],"curies":[{"name":"wp","href":"https:\/\/api.w.org\/{rel}","templated":true}]}}