{"id":112943,"date":"2024-01-11T11:30:11","date_gmt":"2024-01-11T14:30:11","guid":{"rendered":"https:\/\/www.actualidadadiario.com\/?p=112943"},"modified":"2024-01-11T11:30:11","modified_gmt":"2024-01-11T14:30:11","slug":"en-entre-rios-tambien-preocupan-los-recortes-en-discapacidad","status":"publish","type":"post","link":"https:\/\/www.actualidadadiario.com\/index.php\/2024\/01\/11\/en-entre-rios-tambien-preocupan-los-recortes-en-discapacidad\/","title":{"rendered":"En Entre R\u00edos tambi\u00e9n preocupan los recortes en discapacidad"},"content":{"rendered":"<p style=\"text-align: center;\"><em><strong>Beatriz Arbasetti, titular de la Asociaci\u00f3n Paranaense de S\u00edndrome de Down (Aspasid), explic\u00f3 la gravedad de los recortes del programa nacional Incluir Salud y: \u201cTengamos en cuenta que los beneficiarios no tienen obra social y contaban con esta asistencia\u201d<\/strong><\/em><\/p>\n<p>&nbsp;<\/p>\n<p>&nbsp;<\/p>\n<p>Esta semana el Ejecutivo Nacional interrumpi\u00f3 el pago a prestadores del programa Incluir Salud, cuyos beneficiarios son personas con discapacidad que no tienen ning\u00fan tipo de cobertura m\u00e9dica y necesita del Estado para poder llevar adelante sus tratamientos.<\/p>\n<p>Sobre este panorama, Arbasetti enunci\u00f3: \u201cSe presenta muy complicado y ya ven\u00eda as\u00ed porque hace m\u00e1s de un a\u00f1o hubo recortes, atraso de pagos, reclamos de los prestadores porque reci\u00e9n cobraban a los 90 d\u00edas y en consecuencia la devaluaci\u00f3n de sus salarios era muy importante\u201d.<\/p>\n<p>Al respecto, la titular de la Aspasid se\u00f1al\u00f3 la gravedad de la medida del gobierno y justific\u00f3: \u201cNo solamente tiene que ver con los asistentes, los transportes, los terapistas ocupacionales, los psic\u00f3logos; sino tambi\u00e9n con la salud en s\u00ed misma como los medicamentos y la atenci\u00f3n m\u00e9dica, por ello lo considero un problema muy serio\u201d.<\/p>\n<p>Adem\u00e1s, Arbasetti cont\u00f3 que en los \u00faltimos dos a\u00f1os la organizaci\u00f3n recibi\u00f3 una cantidad de j\u00f3venes que contaban con esta prestaci\u00f3n y remarc\u00f3 la magnitud del asunto: \u201cNuestra ONG se mantiene con lo que aportan las obras sociales por cada uno de sus integrantes, en este caso hay un vaci\u00f3 muy serio que no se sabe c\u00f3mo se podr\u00e1n cubrir gastos ya que la instituci\u00f3n no tiene fondos propios\u201d.<\/p>\n<p>\u201cTodas estas alterativas que vivimos en lo econ\u00f3mico y financiero nos deterioraron mucho en estos \u00faltimos a\u00f1os, por eso se plantea como un problema grave porque la poblaci\u00f3n con discapacidad tiene un porcentaje bastante alto y son personas que quedan a la intemperie\u201d, puntualiz\u00f3.<\/p>\n<p>&nbsp;<\/p>\n<p><strong>\u00bfC\u00f3mo impacta a las familias?<\/strong><\/p>\n<p>\u201cHay miles de necesidades en una familia con un integrante con discapacidad\u201d, dijo Arbasetti. Adem\u00e1s, agreg\u00f3 que \u201ccon esto se ver\u00e1n bastante colapsadas porque es una situaci\u00f3n muy compleja\u201d.<\/p>\n<p>La titular de Aspasid estim\u00f3: \u201cEntiendo que si las autoridades lo analizan en profundidad y lo ven con la solidaridad necesaria, podr\u00edan llegar a revisar esta medida o menguar los da\u00f1os que pueda tener para los usuarios\u201d.<\/p>\n<p>Por \u00faltimo, Arbasetti explic\u00f3 de qu\u00e9 manera impactar\u00e1 esta medida en la vida de las familias: \u201cMuchos de estos j\u00f3venes muchas veces asisten a instituciones educativo-terap\u00e9uticas, los padres en general trabajan, no tienen manera de ocuparse de ellos en todo d\u00eda y por eso recurren a estos lugares adem\u00e1s para que se formen\u201d.<\/p>\n<p>&nbsp;<\/p>\n<p><strong>\u00bfQu\u00e9 es Aspasid?<\/strong><\/p>\n<p>La Asociaci\u00f3n Paranaense de S\u00edndrome de Down (Aspasid) sustenta una filosof\u00eda singular respecto de las personas con discapacidad porque, a diferencia de otras entidades que trabajan sobre el d\u00e9ficit, apuesta a las potencialidades particulares de cada uno y se propone desenvolverlas de modo tal que mejoren cualitativamente sus vidas, logrando unas inserciones sociales y laborales aut\u00f3nomas. Estas personas tienen leg\u00edtimo derecho a una vida \u00e9ticamente plena, esto es, que satisfaga sus requerimientos f\u00edsicos tanto como su desarrollo espiritual.<\/p>\n","protected":false},"excerpt":{"rendered":"<p>Beatriz Arbasetti, titular de la Asociaci\u00f3n Paranaense de S\u00edndrome de Down (Aspasid), explic\u00f3 la gravedad de los recortes del programa nacional Incluir Salud y: \u201cTengamos en cuenta que los beneficiarios no tienen obra social y contaban con esta asistencia\u201d &nbsp; &nbsp; Esta semana el Ejecutivo Nacional interrumpi\u00f3 el pago a prestadores del programa Incluir Salud, cuyos beneficiarios son personas con discapacidad que no tienen ning\u00fan tipo de cobertura m\u00e9dica y necesita del Estado para poder llevar adelante sus tratamientos. Sobre este panorama, Arbasetti enunci\u00f3: \u201cSe presenta muy complicado y ya&#8230;<\/p>\n","protected":false},"author":3,"featured_media":41971,"comment_status":"closed","ping_status":"closed","sticky":false,"template":"","format":"standard","meta":[],"categories":[9],"tags":[],"_links":{"self":[{"href":"https:\/\/www.actualidadadiario.com\/index.php\/wp-json\/wp\/v2\/posts\/112943"}],"collection":[{"href":"https:\/\/www.actualidadadiario.com\/index.php\/wp-json\/wp\/v2\/posts"}],"about":[{"href":"https:\/\/www.actualidadadiario.com\/index.php\/wp-json\/wp\/v2\/types\/post"}],"author":[{"embeddable":true,"href":"https:\/\/www.actualidadadiario.com\/index.php\/wp-json\/wp\/v2\/users\/3"}],"replies":[{"embeddable":true,"href":"https:\/\/www.actualidadadiario.com\/index.php\/wp-json\/wp\/v2\/comments?post=112943"}],"version-history":[{"count":1,"href":"https:\/\/www.actualidadadiario.com\/index.php\/wp-json\/wp\/v2\/posts\/112943\/revisions"}],"predecessor-version":[{"id":112944,"href":"https:\/\/www.actualidadadiario.com\/index.php\/wp-json\/wp\/v2\/posts\/112943\/revisions\/112944"}],"wp:featuredmedia":[{"embeddable":true,"href":"https:\/\/www.actualidadadiario.com\/index.php\/wp-json\/wp\/v2\/media\/41971"}],"wp:attachment":[{"href":"https:\/\/www.actualidadadiario.com\/index.php\/wp-json\/wp\/v2\/media?parent=112943"}],"wp:term":[{"taxonomy":"category","embeddable":true,"href":"https:\/\/www.actualidadadiario.com\/index.php\/wp-json\/wp\/v2\/categories?post=112943"},{"taxonomy":"post_tag","embeddable":true,"href":"https:\/\/www.actualidadadiario.com\/index.php\/wp-json\/wp\/v2\/tags?post=112943"}],"curies":[{"name":"wp","href":"https:\/\/api.w.org\/{rel}","templated":true}]}}