{"id":112940,"date":"2024-01-05T17:34:19","date_gmt":"2024-01-05T20:34:19","guid":{"rendered":"https:\/\/www.actualidadadiario.com\/?p=112940"},"modified":"2024-01-05T17:34:19","modified_gmt":"2024-01-05T20:34:19","slug":"bajo-la-deforestacion-en-la-selva-amazonica-de-brasil","status":"publish","type":"post","link":"https:\/\/www.actualidadadiario.com\/index.php\/2024\/01\/05\/bajo-la-deforestacion-en-la-selva-amazonica-de-brasil\/","title":{"rendered":"Baj\u00f3 la deforestaci\u00f3n en la selva amaz\u00f3nica de Brasil"},"content":{"rendered":"<p style=\"text-align: center;\"><em><strong>El presidente Luiz In\u00e1cio Lula da Silva impuls\u00f3 pol\u00edticas ambientalistas destinadas a parar la destrucci\u00f3n de la selva tropical m\u00e1s importante del mundo<\/strong><\/em><\/p>\n<p>&nbsp;<\/p>\n<p>&nbsp;<\/p>\n<p>La deforestaci\u00f3n en el Amazonas de Brasil se redujo a la mitad en 2023 con respecto al a\u00f1o anterior, seg\u00fan cifras oficiales difundidas este viernes por el gobierno del presidente Luiz In\u00e1cio Lula da Silva, quien impuls\u00f3 pol\u00edticas ambientalistas destinadas a parar la destrucci\u00f3n de la selva tropical m\u00e1s importante del mundo.<\/p>\n<p>Datos satelitales mostraron una superficie de 5.152 kil\u00f3metros cuadrados de bosque destruido en la Amazon\u00eda brasile\u00f1a el a\u00f1o pasado, una ca\u00edda de 50% comparado con 2022.<\/p>\n<p>&#8220;El 2023 fue un a\u00f1o de algunas conquistas importantes en el \u00e1rea socioambiental. Vale destacar la reducci\u00f3n significativa de la deforestaci\u00f3n en la Amazon\u00eda&#8221;, asegur\u00f3 Mariana Napolitano, del grupo ambientalista WWF-Brasil, seg\u00fan consign\u00f3 la agencia AFP.<\/p>\n<p>En la llanura del Cerrado, al sur de la selva tropical, la tala de \u00e1rboles alcanz\u00f3 un nuevo r\u00e9cord anual en 2023, aumentando 43% frente al a\u00f1o anterior, seg\u00fan el programa de vigilancia Deter del instituto nacional de Investigaciones Espaciales.<\/p>\n<p>&#8220;Pero lamentablemente no vemos la misma tendencia en el Cerrado. Eso est\u00e1 perjudicando mucho la conservaci\u00f3n de ese bioma y los importantes servicios ecosist\u00e9micos que provee. Y vimos el impacto al final del a\u00f1o, con las alt\u00edsimas temperaturas&#8221;, aclar\u00f3 Napolitano con los datos actualizados hasta el 29 de diciembre.<\/p>\n<p>En conjunto, el \u00e1rea total talada en las dos regiones suma 12.980 kil\u00f3metros cuadrados en 2023, una reducci\u00f3n de 18% comparado con 2022.<\/p>\n<p>Luego de derrotar al ex presidente Jair Bolsonaro en su intento de reelecci\u00f3n en 2022, Lula inaugur\u00f3 un tercer mandato en enero de 2023 proclamando el regreso de Brasil a la lucha contra la amenaza clim\u00e1tica.<\/p>\n<p>En la presidencia de Bolsonaro la deforestaci\u00f3n amaz\u00f3nica avanz\u00f3 75% respecto al promedio de la d\u00e9cada anterior.<\/p>\n<p>Seg\u00fan expertos, la destrucci\u00f3n en la Amazon\u00eda y el Cerrado es impulsada principalmente por la ampliaci\u00f3n de tierras para la agricultura y ganader\u00eda en Brasil, el primer exportador mundial de soja y carne.<\/p>\n<p>&nbsp;<\/p>\n<p><strong>El &#8220;pulm\u00f3n&#8221; del mundo <\/strong><\/p>\n<p>La selva tropical m\u00e1s grande del mundo juega un papel vital en la absorci\u00f3n de los gases de carbono que empujan el calentamiento global y es usualmente denominada como &#8220;el pulm\u00f3n&#8221; del mundo.<\/p>\n","protected":false},"excerpt":{"rendered":"<p>El presidente Luiz In\u00e1cio Lula da Silva impuls\u00f3 pol\u00edticas ambientalistas destinadas a parar la destrucci\u00f3n de la selva tropical m\u00e1s importante del mundo &nbsp; &nbsp; La deforestaci\u00f3n en el Amazonas de Brasil se redujo a la mitad en 2023 con respecto al a\u00f1o anterior, seg\u00fan cifras oficiales difundidas este viernes por el gobierno del presidente Luiz In\u00e1cio Lula da Silva, quien impuls\u00f3 pol\u00edticas ambientalistas destinadas a parar la destrucci\u00f3n de la selva tropical m\u00e1s importante del mundo. Datos satelitales mostraron una superficie de 5.152 kil\u00f3metros cuadrados de bosque destruido en&#8230;<\/p>\n","protected":false},"author":3,"featured_media":112941,"comment_status":"closed","ping_status":"closed","sticky":false,"template":"","format":"standard","meta":[],"categories":[4],"tags":[],"_links":{"self":[{"href":"https:\/\/www.actualidadadiario.com\/index.php\/wp-json\/wp\/v2\/posts\/112940"}],"collection":[{"href":"https:\/\/www.actualidadadiario.com\/index.php\/wp-json\/wp\/v2\/posts"}],"about":[{"href":"https:\/\/www.actualidadadiario.com\/index.php\/wp-json\/wp\/v2\/types\/post"}],"author":[{"embeddable":true,"href":"https:\/\/www.actualidadadiario.com\/index.php\/wp-json\/wp\/v2\/users\/3"}],"replies":[{"embeddable":true,"href":"https:\/\/www.actualidadadiario.com\/index.php\/wp-json\/wp\/v2\/comments?post=112940"}],"version-history":[{"count":1,"href":"https:\/\/www.actualidadadiario.com\/index.php\/wp-json\/wp\/v2\/posts\/112940\/revisions"}],"predecessor-version":[{"id":112942,"href":"https:\/\/www.actualidadadiario.com\/index.php\/wp-json\/wp\/v2\/posts\/112940\/revisions\/112942"}],"wp:featuredmedia":[{"embeddable":true,"href":"https:\/\/www.actualidadadiario.com\/index.php\/wp-json\/wp\/v2\/media\/112941"}],"wp:attachment":[{"href":"https:\/\/www.actualidadadiario.com\/index.php\/wp-json\/wp\/v2\/media?parent=112940"}],"wp:term":[{"taxonomy":"category","embeddable":true,"href":"https:\/\/www.actualidadadiario.com\/index.php\/wp-json\/wp\/v2\/categories?post=112940"},{"taxonomy":"post_tag","embeddable":true,"href":"https:\/\/www.actualidadadiario.com\/index.php\/wp-json\/wp\/v2\/tags?post=112940"}],"curies":[{"name":"wp","href":"https:\/\/api.w.org\/{rel}","templated":true}]}}