{"id":112936,"date":"2024-01-05T17:32:02","date_gmt":"2024-01-05T20:32:02","guid":{"rendered":"https:\/\/www.actualidadadiario.com\/?p=112936"},"modified":"2024-01-05T17:34:48","modified_gmt":"2024-01-05T20:34:48","slug":"espana-propuso-volver-al-uso-obligatorio-del-barbijo-en-los-hospitales","status":"publish","type":"post","link":"https:\/\/www.actualidadadiario.com\/index.php\/2024\/01\/05\/espana-propuso-volver-al-uso-obligatorio-del-barbijo-en-los-hospitales\/","title":{"rendered":"Espa\u00f1a propuso volver al uso obligatorio del barbijo en los hospitales"},"content":{"rendered":"<p style=\"text-align: center;\"><em><strong>El pedido del Gobierno espa\u00f1ol se debe al &#8220;notable aumento de infecciones&#8221; del invierno, como la gripe. Valencia y Catalu\u00f1a comunicaron que en sus centros de salud ser\u00e1 obligatorio<\/strong><\/em><\/p>\n<p>&nbsp;<\/p>\n<p>&nbsp;<\/p>\n<p>El gobierno de Espa\u00f1a pidi\u00f3 este viernes que el uso del barbijo vuelva a ser temporalmente obligatorio en los hospitales y los centros de salud del pa\u00eds ante el aumento de casos de virus del invierno como la gripe, inform\u00f3 el Ministerio de Sanidad.<\/p>\n<p>Ante el &#8220;notable aumento de infecciones por virus respiratorios&#8221;, instamos a &#8220;la obligatoriedad de la mascarilla en espacios sanitarios y sociosanitarios&#8221;, declar\u00f3 la ministra espa\u00f1ola de Sanidad, M\u00f3nica Garc\u00eda, en la red social X, consign\u00f3 AFP.<\/p>\n<p>&#8220;Esta recomendaci\u00f3n es especialmente relevante en situaciones de aglomeraciones en interiores y muy especialmente en los hospitales y centros de salud&#8221;, a\u00f1adi\u00f3.<\/p>\n<p>Garc\u00eda indic\u00f3 que la propuesta se debatir\u00e1 en una reuni\u00f3n el lunes con los representantes del \u00e1rea de salud de las distintas regiones espa\u00f1olas para &#8220;tomar acciones coordinadas de salud p\u00fablica ante estos picos epid\u00e9micos&#8221;, precis\u00f3.<\/p>\n<p>Las regiones tienen &#8220;la competencia&#8221; y la &#8220;responsabilidad de implementar medidas adecuadas&#8221; para enfrentar esta situaci\u00f3n, aclar\u00f3 la titular de la cartera sanitaria.<\/p>\n<p>La regi\u00f3n de Valencia y de Catalu\u00f1a anunciaron que llevar el barbijo -mascarilla, en Espa\u00f1a- ser\u00e1 obligatorio para los sanitarios y los pacientes en los hospitales y centros de salud.<\/p>\n<p>Los m\u00e9dicos espa\u00f1oles llevan varios d\u00edas dando la voz de alarma por el aumento de casos de gripe, Covid-19 y otros virus respiratorios, sobre todo en el este del pa\u00eds.<\/p>\n","protected":false},"excerpt":{"rendered":"<p>El pedido del Gobierno espa\u00f1ol se debe al &#8220;notable aumento de infecciones&#8221; del invierno, como la gripe. Valencia y Catalu\u00f1a comunicaron que en sus centros de salud ser\u00e1 obligatorio &nbsp; &nbsp; El gobierno de Espa\u00f1a pidi\u00f3 este viernes que el uso del barbijo vuelva a ser temporalmente obligatorio en los hospitales y los centros de salud del pa\u00eds ante el aumento de casos de virus del invierno como la gripe, inform\u00f3 el Ministerio de Sanidad. Ante el &#8220;notable aumento de infecciones por virus respiratorios&#8221;, instamos a &#8220;la obligatoriedad de la&#8230;<\/p>\n","protected":false},"author":3,"featured_media":60230,"comment_status":"closed","ping_status":"closed","sticky":false,"template":"","format":"standard","meta":[],"categories":[4],"tags":[],"_links":{"self":[{"href":"https:\/\/www.actualidadadiario.com\/index.php\/wp-json\/wp\/v2\/posts\/112936"}],"collection":[{"href":"https:\/\/www.actualidadadiario.com\/index.php\/wp-json\/wp\/v2\/posts"}],"about":[{"href":"https:\/\/www.actualidadadiario.com\/index.php\/wp-json\/wp\/v2\/types\/post"}],"author":[{"embeddable":true,"href":"https:\/\/www.actualidadadiario.com\/index.php\/wp-json\/wp\/v2\/users\/3"}],"replies":[{"embeddable":true,"href":"https:\/\/www.actualidadadiario.com\/index.php\/wp-json\/wp\/v2\/comments?post=112936"}],"version-history":[{"count":1,"href":"https:\/\/www.actualidadadiario.com\/index.php\/wp-json\/wp\/v2\/posts\/112936\/revisions"}],"predecessor-version":[{"id":112937,"href":"https:\/\/www.actualidadadiario.com\/index.php\/wp-json\/wp\/v2\/posts\/112936\/revisions\/112937"}],"wp:featuredmedia":[{"embeddable":true,"href":"https:\/\/www.actualidadadiario.com\/index.php\/wp-json\/wp\/v2\/media\/60230"}],"wp:attachment":[{"href":"https:\/\/www.actualidadadiario.com\/index.php\/wp-json\/wp\/v2\/media?parent=112936"}],"wp:term":[{"taxonomy":"category","embeddable":true,"href":"https:\/\/www.actualidadadiario.com\/index.php\/wp-json\/wp\/v2\/categories?post=112936"},{"taxonomy":"post_tag","embeddable":true,"href":"https:\/\/www.actualidadadiario.com\/index.php\/wp-json\/wp\/v2\/tags?post=112936"}],"curies":[{"name":"wp","href":"https:\/\/api.w.org\/{rel}","templated":true}]}}