{"id":112933,"date":"2024-01-05T17:30:25","date_gmt":"2024-01-05T20:30:25","guid":{"rendered":"https:\/\/www.actualidadadiario.com\/?p=112933"},"modified":"2024-01-05T17:30:25","modified_gmt":"2024-01-05T20:30:25","slug":"una-mujer-irani-fue-condenada-a-dos-anos-de-carcel-por-publicar-sus-fotos-sin-velo","status":"publish","type":"post","link":"https:\/\/www.actualidadadiario.com\/index.php\/2024\/01\/05\/una-mujer-irani-fue-condenada-a-dos-anos-de-carcel-por-publicar-sus-fotos-sin-velo\/","title":{"rendered":"Una mujer iran\u00ed fue condenada a dos a\u00f1os de c\u00e1rcel por publicar sus fotos sin velo"},"content":{"rendered":"<p style=\"text-align: center;\"><em><strong>Se trata de Zeinab Jeniabpur,\u00a0 residente de Behbahan, en la provincia de Juzest\u00e1n, al sudoeste del pa\u00eds. Ya hab\u00eda un tribunal de Mahshahr la hab\u00eda condenado previamente por entender que hac\u00eda &#8220;propaganda contra el r\u00e9gimen&#8221;<\/strong><\/em><\/p>\n<p>&nbsp;<\/p>\n<p>&nbsp;<\/p>\n<p>Un tribunal de Ir\u00e1n conden\u00f3 este viernes a una mujer a dos a\u00f1os de c\u00e1rcel por publicar varias fotograf\u00edas en las que no llevaba puesto el velo.<\/p>\n<p>&#8220;Mi clienta ha sido sentenciada a dos a\u00f1os de prisi\u00f3n por un tribunal de Behnahan por la publicaci\u00f3n en el ciberespacio de im\u00e1genes en las que no lleva el &#8216;hiyab'&#8221;, explic\u00f3 Chater Sefid, abogado de la condenada, en declaraciones a HRANA, una organizaci\u00f3n integrada por activistas y con sede en Estados Unidos, consign\u00f3 la agencia de noticias Europa Press.<\/p>\n<p>La mujer, identificada como Zeinab Jeniabpur, es una residente de Behbahan, en la provincia de Juzest\u00e1n, al sudoeste del pa\u00eds.<\/p>\n<p>Su comercio de alimentos fue cerrado en diciembre de 2022 por participar en una huelga en apoyo a las manifestaciones por la muerte de la joven kurda Mahsa Amini, la joven que estaba de visita en Teher\u00e1n con su familia cuando se encontr\u00f3 con la conocida polic\u00eda de la moral por llevar mal puesto su velo isl\u00e1mico y falleci\u00f3 despu\u00e9s de haber sido detenida.<\/p>\n<p>Jeniabpur ya hab\u00eda sido sentenciada previamente a tres meses de c\u00e1rcel por un tribunal de Mahshahr por &#8220;propaganda contra el r\u00e9gimen&#8221;.<\/p>\n<p>El presidente de Ir\u00e1n, Ebrahim Raisi, describi\u00f3 en septiembre de 2023 la muerte de Amini como &#8220;un incidente&#8221; y reiter\u00f3 sus acusaciones contra pa\u00edses occidentales por &#8220;una guerra h\u00edbrida&#8221; contra Teher\u00e1n por el suceso.<\/p>\n<p>Desde la Revoluci\u00f3n Isl\u00e1mica de 1979, el uso del velo es obligatorio en Ir\u00e1n para todas las mujeres, aunque sean extranjeras. Todas deben ocultar su cabello en p\u00fablico.<\/p>\n<p>Estos \u00faltimos meses, cada vez m\u00e1s mujeres han aparecido en p\u00fablico sin velo, tras el movimiento de protesta desencadenado por la muerte de Amini.<\/p>\n<p>Frente a los actos de desobediencia por parte de las mujeres respecto al uso del velo, las autoridades anunciaron la realizaci\u00f3n de m\u00e1s controles, sobre todo con c\u00e1maras de vigilancia. Tambi\u00e9n detuvieron a actrices que posaron sin hiyab en redes sociales.<\/p>\n<p>En septiembre de 2023, el Parlamento vot\u00f3 a favor de un proyecto de ley para endurecer las sanciones y castigos contra las mujeres y ni\u00f1as que violen el estricto c\u00f3digo de vestimenta en el pa\u00eds, incluida la obligatoriedad del uso del velo, borrador que lleg\u00f3 a ser tildado de &#8220;apartheid de g\u00e9nero&#8221; por expertos de Naciones Unidas.<\/p>\n<p>La represi\u00f3n en las manifestaciones ya se cobr\u00f3 500 muertos, seg\u00fan diversas organizaciones no gubernamentales.<\/p>\n","protected":false},"excerpt":{"rendered":"<p>Se trata de Zeinab Jeniabpur,\u00a0 residente de Behbahan, en la provincia de Juzest\u00e1n, al sudoeste del pa\u00eds. Ya hab\u00eda un tribunal de Mahshahr la hab\u00eda condenado previamente por entender que hac\u00eda &#8220;propaganda contra el r\u00e9gimen&#8221; &nbsp; &nbsp; Un tribunal de Ir\u00e1n conden\u00f3 este viernes a una mujer a dos a\u00f1os de c\u00e1rcel por publicar varias fotograf\u00edas en las que no llevaba puesto el velo. &#8220;Mi clienta ha sido sentenciada a dos a\u00f1os de prisi\u00f3n por un tribunal de Behnahan por la publicaci\u00f3n en el ciberespacio de im\u00e1genes en las que&#8230;<\/p>\n","protected":false},"author":3,"featured_media":112934,"comment_status":"closed","ping_status":"closed","sticky":false,"template":"","format":"standard","meta":[],"categories":[4],"tags":[],"_links":{"self":[{"href":"https:\/\/www.actualidadadiario.com\/index.php\/wp-json\/wp\/v2\/posts\/112933"}],"collection":[{"href":"https:\/\/www.actualidadadiario.com\/index.php\/wp-json\/wp\/v2\/posts"}],"about":[{"href":"https:\/\/www.actualidadadiario.com\/index.php\/wp-json\/wp\/v2\/types\/post"}],"author":[{"embeddable":true,"href":"https:\/\/www.actualidadadiario.com\/index.php\/wp-json\/wp\/v2\/users\/3"}],"replies":[{"embeddable":true,"href":"https:\/\/www.actualidadadiario.com\/index.php\/wp-json\/wp\/v2\/comments?post=112933"}],"version-history":[{"count":1,"href":"https:\/\/www.actualidadadiario.com\/index.php\/wp-json\/wp\/v2\/posts\/112933\/revisions"}],"predecessor-version":[{"id":112935,"href":"https:\/\/www.actualidadadiario.com\/index.php\/wp-json\/wp\/v2\/posts\/112933\/revisions\/112935"}],"wp:featuredmedia":[{"embeddable":true,"href":"https:\/\/www.actualidadadiario.com\/index.php\/wp-json\/wp\/v2\/media\/112934"}],"wp:attachment":[{"href":"https:\/\/www.actualidadadiario.com\/index.php\/wp-json\/wp\/v2\/media?parent=112933"}],"wp:term":[{"taxonomy":"category","embeddable":true,"href":"https:\/\/www.actualidadadiario.com\/index.php\/wp-json\/wp\/v2\/categories?post=112933"},{"taxonomy":"post_tag","embeddable":true,"href":"https:\/\/www.actualidadadiario.com\/index.php\/wp-json\/wp\/v2\/tags?post=112933"}],"curies":[{"name":"wp","href":"https:\/\/api.w.org\/{rel}","templated":true}]}}