{"id":112921,"date":"2024-01-05T17:03:50","date_gmt":"2024-01-05T20:03:50","guid":{"rendered":"https:\/\/www.actualidadadiario.com\/?p=112921"},"modified":"2024-01-05T17:03:50","modified_gmt":"2024-01-05T20:03:50","slug":"la-asociacion-de-magistrados-repudio-los-dichos-de-bullrich-sobre-la-justicia-laboral","status":"publish","type":"post","link":"https:\/\/www.actualidadadiario.com\/index.php\/2024\/01\/05\/la-asociacion-de-magistrados-repudio-los-dichos-de-bullrich-sobre-la-justicia-laboral\/","title":{"rendered":"La Asociaci\u00f3n de magistrados repudi\u00f3 los dichos de Bullrich sobre la justicia laboral"},"content":{"rendered":"<p style=\"text-align: center;\"><em><strong>La entidad que nuclea a jueces de todo el pa\u00eds calific\u00f3 de &#8220;graves&#8221; las &#8220;descalificaciones&#8221; formuladas por la ministra de Seguridad sobre la Justicia Nacional del Trabajo. &#8220;Atenta contra la independencia judicial&#8221;, plantearon en un comunicado titulado &#8220;Respeto por la divisi\u00f3n de poderes&#8221;<\/strong><\/em><\/p>\n<p>&nbsp;<\/p>\n<p>&nbsp;<\/p>\n<p>La Asociaci\u00f3n de Magistrados y Funcionarios de la Justicia Nacional repudi\u00f3 este viernes los dichos de la ministra de Seguridad, Patricia Bullrich, quien hab\u00eda asegurado que la Justicia Nacional del Trabajo no analiza los casos con \u201cobjetividad\u201d y los fallos \u201csiempre salen a favor de los sindicatos\u201d, luego de conocida la resoluci\u00f3n que suspendi\u00f3 la aplicaci\u00f3n del cap\u00edtulo laboral del Decreto de Necesidad y Urgencia (DNU) del presidente Javier Milei.<\/p>\n<p>La entidad que nuclea magistrados y funcionarios de todo el pa\u00eds calific\u00f3 como \u201cgraves\u201d las &#8220;descalificaciones formuladas por la ministra de Seguridad sobre el funcionamiento de la justicia nacional del trabajo, toda vez que atentan contra la independencia judicial, cimiento de la divisi\u00f3n de poderes y que hace a la esencia misma del sistema republicano\u201d.<\/p>\n<p>El comunicado titulado \u201cRespeto por la divisi\u00f3n de poderes\u201d lleva la firma del presidente de la Asociaci\u00f3n, el juez Andr\u00e9s Basso, y de la la secretaria General Paula Andrea Castro y recuerda que esa entidad, \u201csiempre en forma inalterable, repudia toda declaraci\u00f3n de autoridades pol\u00edticas que interfiera y afecte el normal funcionamiento del Poder Judicial de la Naci\u00f3n y\/o los Ministerios P\u00fablicos\u201d.<\/p>\n<p>Respecto a la decisi\u00f3n de la C\u00e1mara Nacional del Trabajo, la ministra Bullrich hab\u00eda declarado esta semana que fue titular de la cartera laboral &#8220;en el a\u00f1o 2000\u201d, durante el gobierno de la Alianza, \u201cy ya desde esa \u00e9poca la C\u00e1mara del Trabajo era insoportable&#8221;.<\/p>\n<p>Los fallos &#8220;siempre salen a favor de sindicalistas&#8221; y las cosas &#8220;no se analizan con objetividad&#8221;, porque &#8220;defend\u00edan lugares particulares&#8221;, agreg\u00f3.<\/p>\n","protected":false},"excerpt":{"rendered":"<p>La entidad que nuclea a jueces de todo el pa\u00eds calific\u00f3 de &#8220;graves&#8221; las &#8220;descalificaciones&#8221; formuladas por la ministra de Seguridad sobre la Justicia Nacional del Trabajo. &#8220;Atenta contra la independencia judicial&#8221;, plantearon en un comunicado titulado &#8220;Respeto por la divisi\u00f3n de poderes&#8221; &nbsp; &nbsp; La Asociaci\u00f3n de Magistrados y Funcionarios de la Justicia Nacional repudi\u00f3 este viernes los dichos de la ministra de Seguridad, Patricia Bullrich, quien hab\u00eda asegurado que la Justicia Nacional del Trabajo no analiza los casos con \u201cobjetividad\u201d y los fallos \u201csiempre salen a favor de&#8230;<\/p>\n","protected":false},"author":3,"featured_media":112922,"comment_status":"closed","ping_status":"closed","sticky":false,"template":"","format":"standard","meta":[],"categories":[18],"tags":[],"_links":{"self":[{"href":"https:\/\/www.actualidadadiario.com\/index.php\/wp-json\/wp\/v2\/posts\/112921"}],"collection":[{"href":"https:\/\/www.actualidadadiario.com\/index.php\/wp-json\/wp\/v2\/posts"}],"about":[{"href":"https:\/\/www.actualidadadiario.com\/index.php\/wp-json\/wp\/v2\/types\/post"}],"author":[{"embeddable":true,"href":"https:\/\/www.actualidadadiario.com\/index.php\/wp-json\/wp\/v2\/users\/3"}],"replies":[{"embeddable":true,"href":"https:\/\/www.actualidadadiario.com\/index.php\/wp-json\/wp\/v2\/comments?post=112921"}],"version-history":[{"count":1,"href":"https:\/\/www.actualidadadiario.com\/index.php\/wp-json\/wp\/v2\/posts\/112921\/revisions"}],"predecessor-version":[{"id":112923,"href":"https:\/\/www.actualidadadiario.com\/index.php\/wp-json\/wp\/v2\/posts\/112921\/revisions\/112923"}],"wp:featuredmedia":[{"embeddable":true,"href":"https:\/\/www.actualidadadiario.com\/index.php\/wp-json\/wp\/v2\/media\/112922"}],"wp:attachment":[{"href":"https:\/\/www.actualidadadiario.com\/index.php\/wp-json\/wp\/v2\/media?parent=112921"}],"wp:term":[{"taxonomy":"category","embeddable":true,"href":"https:\/\/www.actualidadadiario.com\/index.php\/wp-json\/wp\/v2\/categories?post=112921"},{"taxonomy":"post_tag","embeddable":true,"href":"https:\/\/www.actualidadadiario.com\/index.php\/wp-json\/wp\/v2\/tags?post=112921"}],"curies":[{"name":"wp","href":"https:\/\/api.w.org\/{rel}","templated":true}]}}