{"id":112918,"date":"2024-01-05T17:02:25","date_gmt":"2024-01-05T20:02:25","guid":{"rendered":"https:\/\/www.actualidadadiario.com\/?p=112918"},"modified":"2024-01-05T17:02:25","modified_gmt":"2024-01-05T20:02:25","slug":"el-gobierno-dice-que-no-evalua-extender-sesiones-extraordinarias-en-el-congreso","status":"publish","type":"post","link":"https:\/\/www.actualidadadiario.com\/index.php\/2024\/01\/05\/el-gobierno-dice-que-no-evalua-extender-sesiones-extraordinarias-en-el-congreso\/","title":{"rendered":"El Gobierno dice que no eval\u00faa extender sesiones extraordinarias en el Congreso"},"content":{"rendered":"<p style=\"text-align: center;\"><em><strong>El vocero presidencial afirm\u00f3 que &#8220;por ahora&#8221; el Gobierno no contempla extender el plazo de las sesiones extraordinarias del Congreso<\/strong><\/em><\/p>\n<p>&nbsp;<\/p>\n<p>&nbsp;<\/p>\n<p>El vocero presidencial, Manuel Adorni, asegur\u00f3 que el Gobierno no eval\u00faa extender las sesiones extraordinarias en el Congreso, tampoco lo descart\u00f3 de plano. Lo hizo en su habitual conferencia de prensa en Casa Rosada.<\/p>\n<p>El funcionario afirm\u00f3 que &#8220;por ahora&#8221; el Gobierno no contempla extender el plazo, contemplado hasta el 31 de enero.<\/p>\n<p>El Congreso de la Naci\u00f3n inici\u00f3 el pasado 26 de diciembre las Sesiones Extraordinarias del Congreso Nacional para el tratamiento de 11 proyectos de ley, entre los que se encuentra la denominada ley \u00f3mnibus de Reforma del Estado, la reversi\u00f3n del Impuesto a las Ganancias y la Boleta \u00danica de Papel -que ya cuenta con media sanci\u00f3n de la C\u00e1mara de Diputados-.<\/p>\n<p>En el resto, aparece la autorizaci\u00f3n para que el presidente Javier Milei pueda realizar viajes al exterior del pa\u00eds y diversos convenios para eliminar la doble imposici\u00f3n con Jap\u00f3n, China, Luxemburgo y Turqu\u00eda. Adem\u00e1s, se incluye un acuerdo para para la Promoci\u00f3n y Protecci\u00f3n Rec\u00edproca de Inversiones entre Argentina y Emiratos \u00c1rabes Unidos.<\/p>\n<p>&nbsp;<\/p>\n<p><strong>Cu\u00e1les son los 11 proyectos que fueron incluidos en el decreto<\/strong><\/p>\n<ul>\n<li>Proyecto de Ley de reforma de las funciones del Estado.<\/li>\n<li>Proyecto de Ley modificatorio de su similar N\u00b0 19.945 respecto de establecer la Boleta \u00danica de Papel (Exp. Senado 4-CD-22).<\/li>\n<li>Proyecto de \u201cLey de Impuestos a Ingresos Personales\u201d.<\/li>\n<li>Proyecto de Ley por el cual se solicita autorizaci\u00f3n para que el se\u00f1or Presidente de la Naci\u00f3n pueda ausentarse del pa\u00eds durante el a\u00f1o 2024, cuando razones de gobierno lo requieran.<\/li>\n<li>Proyecto de Ley por el cual se aprueba el Convenio entre la Rep\u00fablica Argentina y Jap\u00f3n para la Eliminaci\u00f3n de la Doble Imposici\u00f3n con respecto a los Impuestos sobre la Renta y la Prevenci\u00f3n de la Evasi\u00f3n y la Elusi\u00f3n Fiscal, suscripto en la Ciudad de Osaka, Jap\u00f3n, el 27 de junio de 2019 (Msje. 230\/19).<\/li>\n<li>Proyecto de Ley por el cual se aprueba el Convenio entre la Rep\u00fablica Argentina y el Gran Ducado de Luxemburgo para la Eliminaci\u00f3n de la Doble Imposici\u00f3n con respecto a los Impuestos sobre la Renta y sobre el Patrimonio y la Prevenci\u00f3n de la Evasi\u00f3n y Elusi\u00f3n Fiscal, suscripto en la Ciudad de Washington, Estados Unidos de Am\u00e9rica, el 13 de abril de 2019 (Msje. 120\/19).<\/li>\n<li>Proyecto de Ley por el cual se aprueba el Acuerdo entre la Rep\u00fablica Argentina y la Rep\u00fablica Popular China para la Eliminaci\u00f3n de la Doble Imposici\u00f3n con respecto a los Impuestos sobre la Renta y sobre el Patrimonio y la Prevenci\u00f3n de la Evasi\u00f3n y Elusi\u00f3n Fiscal y su Protocolo, suscriptos en la Ciudad Aut\u00f3noma de Buenos Aires el 2 de diciembre de 2018 (Msje. 99\/19).<\/li>\n<li>Proyecto de Ley por el cual se aprueba el Acuerdo para la Promoci\u00f3n y Protecci\u00f3n Rec\u00edproca de Inversiones entre la Rep\u00fablica Argentina y los Emiratos \u00c1rabes Unidos, suscripto en la ciudad de Abu Dhabi, Emiratos \u00c1rabes Unidos, el 16 de abril de 2018 (Msje. 133\/19).<\/li>\n<li>Proyecto de Ley por el cual se aprueba el Acuerdo entre la Rep\u00fablica Argentina y la Rep\u00fablica de Turqu\u00eda para Evitar la Doble Imposici\u00f3n en Materia de Tributos sobre la Renta y para Prevenir la Evasi\u00f3n y la Elusi\u00f3n Fiscal y su Protocolo, suscriptos en la Ciudad Aut\u00f3noma de Buenos Aires el 1\u00b0 de diciembre de 2018 (Msje. 98\/19).<\/li>\n<li>Consideraci\u00f3n de Tratados, Convenios y Acuerdos Internacionales.<\/li>\n<li>Consideraci\u00f3n de Acuerdos para designaciones y promociones, y su retiro.<\/li>\n<\/ul>\n","protected":false},"excerpt":{"rendered":"<p>El vocero presidencial afirm\u00f3 que &#8220;por ahora&#8221; el Gobierno no contempla extender el plazo de las sesiones extraordinarias del Congreso &nbsp; &nbsp; El vocero presidencial, Manuel Adorni, asegur\u00f3 que el Gobierno no eval\u00faa extender las sesiones extraordinarias en el Congreso, tampoco lo descart\u00f3 de plano. Lo hizo en su habitual conferencia de prensa en Casa Rosada. El funcionario afirm\u00f3 que &#8220;por ahora&#8221; el Gobierno no contempla extender el plazo, contemplado hasta el 31 de enero. El Congreso de la Naci\u00f3n inici\u00f3 el pasado 26 de diciembre las Sesiones Extraordinarias del&#8230;<\/p>\n","protected":false},"author":3,"featured_media":112919,"comment_status":"closed","ping_status":"closed","sticky":false,"template":"","format":"standard","meta":[],"categories":[18],"tags":[],"_links":{"self":[{"href":"https:\/\/www.actualidadadiario.com\/index.php\/wp-json\/wp\/v2\/posts\/112918"}],"collection":[{"href":"https:\/\/www.actualidadadiario.com\/index.php\/wp-json\/wp\/v2\/posts"}],"about":[{"href":"https:\/\/www.actualidadadiario.com\/index.php\/wp-json\/wp\/v2\/types\/post"}],"author":[{"embeddable":true,"href":"https:\/\/www.actualidadadiario.com\/index.php\/wp-json\/wp\/v2\/users\/3"}],"replies":[{"embeddable":true,"href":"https:\/\/www.actualidadadiario.com\/index.php\/wp-json\/wp\/v2\/comments?post=112918"}],"version-history":[{"count":1,"href":"https:\/\/www.actualidadadiario.com\/index.php\/wp-json\/wp\/v2\/posts\/112918\/revisions"}],"predecessor-version":[{"id":112920,"href":"https:\/\/www.actualidadadiario.com\/index.php\/wp-json\/wp\/v2\/posts\/112918\/revisions\/112920"}],"wp:featuredmedia":[{"embeddable":true,"href":"https:\/\/www.actualidadadiario.com\/index.php\/wp-json\/wp\/v2\/media\/112919"}],"wp:attachment":[{"href":"https:\/\/www.actualidadadiario.com\/index.php\/wp-json\/wp\/v2\/media?parent=112918"}],"wp:term":[{"taxonomy":"category","embeddable":true,"href":"https:\/\/www.actualidadadiario.com\/index.php\/wp-json\/wp\/v2\/categories?post=112918"},{"taxonomy":"post_tag","embeddable":true,"href":"https:\/\/www.actualidadadiario.com\/index.php\/wp-json\/wp\/v2\/tags?post=112918"}],"curies":[{"name":"wp","href":"https:\/\/api.w.org\/{rel}","templated":true}]}}