{"id":112912,"date":"2024-01-05T17:00:06","date_gmt":"2024-01-05T20:00:06","guid":{"rendered":"https:\/\/www.actualidadadiario.com\/?p=112912"},"modified":"2024-01-05T17:00:06","modified_gmt":"2024-01-05T20:00:06","slug":"macri-ahora-presiona-para-que-santilli-ocupe-el-lugar-de-guillermo-francos","status":"publish","type":"post","link":"https:\/\/www.actualidadadiario.com\/index.php\/2024\/01\/05\/macri-ahora-presiona-para-que-santilli-ocupe-el-lugar-de-guillermo-francos\/","title":{"rendered":"Macri ahora presiona para que Santilli ocupe el lugar de Guillermo Francos"},"content":{"rendered":"<p style=\"text-align: center;\"><em><strong>El ministro del Interior est\u00e1 en una posici\u00f3n delicada por los ruidos con Karina Milei. Macri y los bloques de PRO buscan su ca\u00edda<\/strong><\/em><\/p>\n<p>&nbsp;<\/p>\n<p>&nbsp;<\/p>\n<p>Mauricio Macri decidi\u00f3 profundizar su ofensiva contra el ministro del Interior Guillermo Francos. El ex presidente pretende que Javier Milei acepte nombrar en su lugar al diputado Diego Santilli, que luego de las elecciones se aline\u00f3 con Macri y obedeci\u00f3 su orden de brindarle un apoyo cerrado al gobierno de Milei.<\/p>\n<p>Mientras la ley \u00f3mnibus empieza a carretear con dificultad en el Congreso con la conformaci\u00f3n de las comisiones, en los bloques aliados del gobierno observan con inquietud la actuaci\u00f3n de Francos.<\/p>\n<p>Ausente en la reuni\u00f3n que el presidente Javier Milei tuvo con los diputados libertarios esta semana, y apuntado adem\u00e1s por la escasez de resultados en las negociaciones con gobernadores y CGT, la continuidad del exfuncionario de Daniel Scioli y Domingo Cavallo fue motivo de rumores estos d\u00edas en C\u00f3rdoba.<\/p>\n<p>Particularmente, porque en el Ejecutivo que lidera el gobernador Mart\u00edn Llaryora no encuentran avances en el di\u00e1logo con el interlocutor entre Naci\u00f3n y provincias; y tambi\u00e9n porque los diputados que estuvieron en las \u00faltimas horas en el Congreso observaron con atenci\u00f3n un rumor fuerte: la intenci\u00f3n del expresidente Mauricio Macri de impulsar para ese ministerio a Diego Santilli. El l\u00edder del PRO tiene la intenci\u00f3n de que el exfuncionario larretista desplace a Francos de Interior y sea quien interact\u00fae con los gobernadores.<\/p>\n<p>Chance que, cordobeses del PJ e integrantes de la coalici\u00f3n Juntos que mantienen distancia con Macri no avalan. Por el contrario, razonan que ser\u00eda entregarle una buena cuota de poder al expresidente en el esquema de Milei y una manera de pagar el descontento legislativo de Macri con el desembarco a la presidencia de Diputados de Mart\u00edn Menem en lugar de Cristian Ritondo.<\/p>\n<p>Pero una cosa no quita la otra. Milei est\u00e1 en el pero momento de su relaci\u00f3n con Macri porque se enter\u00f3 de un nuevo encuentro secreto entre el ex presidente y Victoria Villarruel. Pero al mismo tiempo la situaci\u00f3n de Francos en el gobierno es muy delicada porque viene de chocar con Karina Milei y acumula tensiones con el ministro de Econom\u00eda, Luis Caputo. No es un secreto que Francos estar\u00eda exigiendo la embajada ante el Reino Unido para liberar el cargo.<\/p>\n<p>Acaso por eso hay otras voces -los menos- en el arco pol\u00edtico cordob\u00e9s que estiman que Milei podr\u00eda ahora reabrir la posibilidad de un acuerdo con el exgobernador Juan Schiaretti para ese lugar del Gabinete y la reconstrucci\u00f3n de las conversaciones con los mandatarios provinciales.<\/p>\n<p>&#8220;Dif\u00edcil, por no decir imposible&#8221;, dijo una persona de di\u00e1logo con Schiaretti quien sostiene la teor\u00eda de &#8220;dar gobernabilidad, no es lo mismo que cogobernar&#8221;.<\/p>\n<p>La gobernabilidad es el denominador com\u00fan entre el PJ cordobesista y los socios de Juntos en el v\u00ednculo con Milei. De hecho, y ratificando que, por ahora la \u00fanica postura de rechazo manifiesta al paquete que impulsa Milei en el Congreso es la suba de retenciones. Posici\u00f3n transversal del arco pol\u00edtico cordob\u00e9s, independientemente de los l\u00edmites partidarios y aliancistas.<\/p>\n<p>&#8220;El rechazo a la suba de retenciones va a amalgamar al cordobesismo. Ah\u00ed se va a ver cordobesismo en serio y lo van a rechazar desde los radicales de De Loredo hasta los peronistas de Schiaretti y Llaryora que est\u00e1n con Pichetto&#8221;, reconoci\u00f3 un dirigente del peronismo cordob\u00e9s.<\/p>\n<p>El propio Llaryora dijo esta semana &#8220;no me van a ver a m\u00ed poniendo palos en la rueda, voy a acompa\u00f1ar y ayudar a la institucionalidad&#8221;, aunque advirti\u00f3 que &#8220;ponerle las retenciones al campo es tomar un camino por el que ya se equivocaron otros y no se pueden volver a repetir&#8221;.<\/p>\n<p>Rechazo que, en Diputados, ya hab\u00eda anticipado Carlos Guti\u00e9rrez, el parlamentario schiarettista y vicepresidente del bloque que ahora comanda Pichetto.<\/p>\n","protected":false},"excerpt":{"rendered":"<p>El ministro del Interior est\u00e1 en una posici\u00f3n delicada por los ruidos con Karina Milei. Macri y los bloques de PRO buscan su ca\u00edda &nbsp; &nbsp; Mauricio Macri decidi\u00f3 profundizar su ofensiva contra el ministro del Interior Guillermo Francos. El ex presidente pretende que Javier Milei acepte nombrar en su lugar al diputado Diego Santilli, que luego de las elecciones se aline\u00f3 con Macri y obedeci\u00f3 su orden de brindarle un apoyo cerrado al gobierno de Milei. Mientras la ley \u00f3mnibus empieza a carretear con dificultad en el Congreso con&#8230;<\/p>\n","protected":false},"author":3,"featured_media":112913,"comment_status":"closed","ping_status":"closed","sticky":false,"template":"","format":"standard","meta":[],"categories":[18],"tags":[],"_links":{"self":[{"href":"https:\/\/www.actualidadadiario.com\/index.php\/wp-json\/wp\/v2\/posts\/112912"}],"collection":[{"href":"https:\/\/www.actualidadadiario.com\/index.php\/wp-json\/wp\/v2\/posts"}],"about":[{"href":"https:\/\/www.actualidadadiario.com\/index.php\/wp-json\/wp\/v2\/types\/post"}],"author":[{"embeddable":true,"href":"https:\/\/www.actualidadadiario.com\/index.php\/wp-json\/wp\/v2\/users\/3"}],"replies":[{"embeddable":true,"href":"https:\/\/www.actualidadadiario.com\/index.php\/wp-json\/wp\/v2\/comments?post=112912"}],"version-history":[{"count":1,"href":"https:\/\/www.actualidadadiario.com\/index.php\/wp-json\/wp\/v2\/posts\/112912\/revisions"}],"predecessor-version":[{"id":112914,"href":"https:\/\/www.actualidadadiario.com\/index.php\/wp-json\/wp\/v2\/posts\/112912\/revisions\/112914"}],"wp:featuredmedia":[{"embeddable":true,"href":"https:\/\/www.actualidadadiario.com\/index.php\/wp-json\/wp\/v2\/media\/112913"}],"wp:attachment":[{"href":"https:\/\/www.actualidadadiario.com\/index.php\/wp-json\/wp\/v2\/media?parent=112912"}],"wp:term":[{"taxonomy":"category","embeddable":true,"href":"https:\/\/www.actualidadadiario.com\/index.php\/wp-json\/wp\/v2\/categories?post=112912"},{"taxonomy":"post_tag","embeddable":true,"href":"https:\/\/www.actualidadadiario.com\/index.php\/wp-json\/wp\/v2\/tags?post=112912"}],"curies":[{"name":"wp","href":"https:\/\/api.w.org\/{rel}","templated":true}]}}