{"id":112909,"date":"2024-01-05T16:58:44","date_gmt":"2024-01-05T19:58:44","guid":{"rendered":"https:\/\/www.actualidadadiario.com\/?p=112909"},"modified":"2024-01-05T16:58:44","modified_gmt":"2024-01-05T19:58:44","slug":"gil-lavedra-el-cerebro-detras-del-triunfo-de-la-cgt-en-la-justicia","status":"publish","type":"post","link":"https:\/\/www.actualidadadiario.com\/index.php\/2024\/01\/05\/gil-lavedra-el-cerebro-detras-del-triunfo-de-la-cgt-en-la-justicia\/","title":{"rendered":"Gil Lavedra, el cerebro detr\u00e1s del triunfo de la CGT en la Justicia"},"content":{"rendered":"<p style=\"text-align: center;\"><em><strong>El abogado radical fue un asesor clave en la presentaci\u00f3n judicial de la central obrera contra la reforma laboral del DNU de Milei. Otra cita de Alberdi dirigida a Milei<\/strong><\/em><\/p>\n<p>&nbsp;<\/p>\n<p>&nbsp;<\/p>\n<p>Apenas Javier Milei anunci\u00f3 el DNU, en la CGT pusieron en marcha un trabajo de an\u00e1lisis para avanzar en la redacci\u00f3n de la presentaci\u00f3n judicial que, esta semana, logr\u00f3 frenar la reforma laboral planteada por el decreto. Para esa tarea, en la central obrera destacaron como una pieza clave a Ricardo Gil Lavedra.<\/p>\n<p>Seg\u00fan confirm\u00f3 un dirigente de la CGT, el exministro de Justicia de Fernando de la R\u00faa y actual titular del Colegio P\u00fablico de Abogados de Buenos Aires se puso a disposici\u00f3n &#8220;de inmediato&#8221; para revisar el decreto junto con el equipo letrado de la central al que se sumaron diversos constitucionalistas.<\/p>\n<p>La elecci\u00f3n de Gil Lavedra no es casual. Lo eligieron para dar la pelea en el fuero Contencioso Administrativo, donde sab\u00edan que los operadores judiciales del Gobierno, Rodolfo Barra y Santiago Viola, ten\u00edan buena llegada.<\/p>\n<p>No parece casual que el triunfo que hoy consigui\u00f3 la CGT en ese fuero haya sido gracias al fallo de un juez de origen radical como Enrique Lavi\u00e9 Pico, que desarm\u00f3 el proceso colectivo con el que ven\u00eda tramitando la causa del decreto. Ahora es posible que se tramiten amparos individuales y en diferentes fueros, complicando el frente judicial al Gobierno.<\/p>\n<p>As\u00ed, Lavi\u00e9 Pico desarm\u00f3 la estrategia de Barra, de centralizar la causa del decreto en el Contencioso Administrativo, donde el Gobierno supon\u00eda que ten\u00eda mayor margen de influencia.<\/p>\n<p>El problema es que adem\u00e1s de su llegada a la familia judicial y el radicalismo, Gil Lavedra mantiene un aceitado v\u00ednculo con &#8220;los Fern\u00e1ndez&#8221;. Ellos son Javier, el hist\u00f3rico operador de ese fuero, y Sergio, camarista contencioso.<\/p>\n<p>El exministro de Justicia suma adem\u00e1s el poder de lobby del Colegio de Abogados que ya hab\u00eda fijado una fuerte postura de rechazo al DNU a trav\u00e9s de un comunicado en el que se alert\u00f3 que &#8220;el progreso y desarrollo de la Argentina s\u00f3lo ser\u00e1 posible fortaleciendo las instituciones, con pleno respeto al estado de derecho&#8221;.<\/p>\n<p>En ese comunicado, el colegio conducido por Gil Lavedra cerr\u00f3 con una cita de Juan Bautista Alberdi, en una chicana directa a Milei, que tiene al autor de las &#8220;Bases y puntos de partida para la organizaci\u00f3n pol\u00edtica de la Rep\u00fablica&#8221; como uno de los santos patronos del liberalismo.<\/p>\n<p>&#8220;Seg\u00fan afirmaba Alberdi, la pol\u00edtica no puede tener miras diferentes a las miras de la Constituci\u00f3n'&#8221;, se\u00f1alaron en el Colegio P\u00fablico de Abogados de la Ciudad. Martirizar a Milei con citas a Alberdi empieza a consolidarse como un deporte nacional: es lo que tambi\u00e9n hizo la C\u00e1mara del Trabajo en su fallo que suspendi\u00f3 los efectos del decreto.<\/p>\n<p>&#8220;Vamos a vivir tiempos de un torbellino de acciones y de enredos, es inevitable que va a suceder as\u00ed&#8221;, dijo Gil Lavedra sobre la fuerte actividad judicial que desat\u00f3 el DNU de Milei.<\/p>\n<p>&#8220;El DNU exorbita las facultades presidenciales. Si ese decreto es convalidado es un precedente terrible para el futuro, terrible tambi\u00e9n en t\u00e9rminos de aliento de la inversi\u00f3n&#8221;, agreg\u00f3 el ex juez del Juicio a las Juntas, en declaraciones a radio Nacional.<\/p>\n","protected":false},"excerpt":{"rendered":"<p>El abogado radical fue un asesor clave en la presentaci\u00f3n judicial de la central obrera contra la reforma laboral del DNU de Milei. Otra cita de Alberdi dirigida a Milei &nbsp; &nbsp; Apenas Javier Milei anunci\u00f3 el DNU, en la CGT pusieron en marcha un trabajo de an\u00e1lisis para avanzar en la redacci\u00f3n de la presentaci\u00f3n judicial que, esta semana, logr\u00f3 frenar la reforma laboral planteada por el decreto. Para esa tarea, en la central obrera destacaron como una pieza clave a Ricardo Gil Lavedra. Seg\u00fan confirm\u00f3 un dirigente de&#8230;<\/p>\n","protected":false},"author":3,"featured_media":112910,"comment_status":"closed","ping_status":"closed","sticky":false,"template":"","format":"standard","meta":[],"categories":[18],"tags":[],"_links":{"self":[{"href":"https:\/\/www.actualidadadiario.com\/index.php\/wp-json\/wp\/v2\/posts\/112909"}],"collection":[{"href":"https:\/\/www.actualidadadiario.com\/index.php\/wp-json\/wp\/v2\/posts"}],"about":[{"href":"https:\/\/www.actualidadadiario.com\/index.php\/wp-json\/wp\/v2\/types\/post"}],"author":[{"embeddable":true,"href":"https:\/\/www.actualidadadiario.com\/index.php\/wp-json\/wp\/v2\/users\/3"}],"replies":[{"embeddable":true,"href":"https:\/\/www.actualidadadiario.com\/index.php\/wp-json\/wp\/v2\/comments?post=112909"}],"version-history":[{"count":1,"href":"https:\/\/www.actualidadadiario.com\/index.php\/wp-json\/wp\/v2\/posts\/112909\/revisions"}],"predecessor-version":[{"id":112911,"href":"https:\/\/www.actualidadadiario.com\/index.php\/wp-json\/wp\/v2\/posts\/112909\/revisions\/112911"}],"wp:featuredmedia":[{"embeddable":true,"href":"https:\/\/www.actualidadadiario.com\/index.php\/wp-json\/wp\/v2\/media\/112910"}],"wp:attachment":[{"href":"https:\/\/www.actualidadadiario.com\/index.php\/wp-json\/wp\/v2\/media?parent=112909"}],"wp:term":[{"taxonomy":"category","embeddable":true,"href":"https:\/\/www.actualidadadiario.com\/index.php\/wp-json\/wp\/v2\/categories?post=112909"},{"taxonomy":"post_tag","embeddable":true,"href":"https:\/\/www.actualidadadiario.com\/index.php\/wp-json\/wp\/v2\/tags?post=112909"}],"curies":[{"name":"wp","href":"https:\/\/api.w.org\/{rel}","templated":true}]}}