{"id":112904,"date":"2024-01-05T16:56:15","date_gmt":"2024-01-05T19:56:15","guid":{"rendered":"https:\/\/www.actualidadadiario.com\/?p=112904"},"modified":"2024-01-05T16:56:15","modified_gmt":"2024-01-05T19:56:15","slug":"el-mega-dnu-de-milei-ingreso-al-congreso-por-el-senado","status":"publish","type":"post","link":"https:\/\/www.actualidadadiario.com\/index.php\/2024\/01\/05\/el-mega-dnu-de-milei-ingreso-al-congreso-por-el-senado\/","title":{"rendered":"El mega DNU de Milei ingres\u00f3 al Congreso por el Senado"},"content":{"rendered":"<p style=\"text-align: center;\"><em><strong>El Presidente env\u00edo el decreto de necesidad y urgencia para que sea analizado por los legisladores<\/strong><\/em><\/p>\n<p>&nbsp;<\/p>\n<p>&nbsp;<\/p>\n<p>El presidente, Javier Milei, envi\u00f3 hoy al Congreso de la Naci\u00f3n el Decreto de Necesidad y Urgencia (DNU) que desregula la econom\u00eda y abre la puerta a la privatizaci\u00f3n de empresas p\u00fablicas, la medida ser\u00e1 tratada por el Poder Legislativo durante los pr\u00f3ximos 10 d\u00edas h\u00e1biles.<\/p>\n<p>El extenso texto ingres\u00f3 por el Senado para ser analizado en la Comisi\u00f3n Bicameral que debe estar integrada por ocho senadores y ocho diputados, aunque a\u00fan no fue conformada por diferencias entre el oficialismo y la oposici\u00f3n.<\/p>\n<p>Una vez transcurrido el tratamiento, la Comisi\u00f3n emitir\u00e1 dictamen respecto de la validez de la medida y, en caso de avanzar, el DNU tiene que ser aprobado por una de las dos c\u00e1maras legislativas para mantener su vigencia.<\/p>\n<p>En tanto, para que el decreto pierda validez de forma permanente es necesario que sea rechazado tanto por Diputados como por el Senado.<\/p>\n<p>La norma que envi\u00f3 el Ejecutivo el Senado viene sufriendo m\u00faltiples cuestionamientos por parte del Poder Judicial, aunque el primer fallo que le puso un freno vino a trav\u00e9s de la C\u00e1mara Nacional del Trabajo, que hizo lugar a un planteo de la Confederaci\u00f3n General del Trabajo (CGT) y dict\u00f3 una medida cautelar.<\/p>\n<p>De esta manera, la C\u00e1mara consider\u00f3 que no se habr\u00eda configurado la situaci\u00f3n de \u201cextrema urgencia\u201d requerida para que el Poder Ejecutivo pueda legislar sobre temas que son potestad del Congreso Nacional y suspendi\u00f3 los art\u00edculos del DNU vinculados a reformas en el \u00e1mbito laboral.<\/p>\n","protected":false},"excerpt":{"rendered":"<p>El Presidente env\u00edo el decreto de necesidad y urgencia para que sea analizado por los legisladores &nbsp; &nbsp; El presidente, Javier Milei, envi\u00f3 hoy al Congreso de la Naci\u00f3n el Decreto de Necesidad y Urgencia (DNU) que desregula la econom\u00eda y abre la puerta a la privatizaci\u00f3n de empresas p\u00fablicas, la medida ser\u00e1 tratada por el Poder Legislativo durante los pr\u00f3ximos 10 d\u00edas h\u00e1biles. El extenso texto ingres\u00f3 por el Senado para ser analizado en la Comisi\u00f3n Bicameral que debe estar integrada por ocho senadores y ocho diputados, aunque a\u00fan&#8230;<\/p>\n","protected":false},"author":3,"featured_media":112905,"comment_status":"closed","ping_status":"closed","sticky":false,"template":"","format":"standard","meta":[],"categories":[9],"tags":[],"_links":{"self":[{"href":"https:\/\/www.actualidadadiario.com\/index.php\/wp-json\/wp\/v2\/posts\/112904"}],"collection":[{"href":"https:\/\/www.actualidadadiario.com\/index.php\/wp-json\/wp\/v2\/posts"}],"about":[{"href":"https:\/\/www.actualidadadiario.com\/index.php\/wp-json\/wp\/v2\/types\/post"}],"author":[{"embeddable":true,"href":"https:\/\/www.actualidadadiario.com\/index.php\/wp-json\/wp\/v2\/users\/3"}],"replies":[{"embeddable":true,"href":"https:\/\/www.actualidadadiario.com\/index.php\/wp-json\/wp\/v2\/comments?post=112904"}],"version-history":[{"count":1,"href":"https:\/\/www.actualidadadiario.com\/index.php\/wp-json\/wp\/v2\/posts\/112904\/revisions"}],"predecessor-version":[{"id":112906,"href":"https:\/\/www.actualidadadiario.com\/index.php\/wp-json\/wp\/v2\/posts\/112904\/revisions\/112906"}],"wp:featuredmedia":[{"embeddable":true,"href":"https:\/\/www.actualidadadiario.com\/index.php\/wp-json\/wp\/v2\/media\/112905"}],"wp:attachment":[{"href":"https:\/\/www.actualidadadiario.com\/index.php\/wp-json\/wp\/v2\/media?parent=112904"}],"wp:term":[{"taxonomy":"category","embeddable":true,"href":"https:\/\/www.actualidadadiario.com\/index.php\/wp-json\/wp\/v2\/categories?post=112904"},{"taxonomy":"post_tag","embeddable":true,"href":"https:\/\/www.actualidadadiario.com\/index.php\/wp-json\/wp\/v2\/tags?post=112904"}],"curies":[{"name":"wp","href":"https:\/\/api.w.org\/{rel}","templated":true}]}}