{"id":112887,"date":"2024-01-05T15:55:55","date_gmt":"2024-01-05T18:55:55","guid":{"rendered":"https:\/\/www.actualidadadiario.com\/?p=112887"},"modified":"2024-01-05T15:55:55","modified_gmt":"2024-01-05T18:55:55","slug":"sin-vacaciones-6-de-cada-10-argentinos-clase-media-o-baja-no-viajaran-por-el-ajuste","status":"publish","type":"post","link":"https:\/\/www.actualidadadiario.com\/index.php\/2024\/01\/05\/sin-vacaciones-6-de-cada-10-argentinos-clase-media-o-baja-no-viajaran-por-el-ajuste\/","title":{"rendered":"Sin vacaciones: 6 de cada 10 argentinos clase media o baja no viajar\u00e1n por el ajuste"},"content":{"rendered":"<p style=\"text-align: center;\"><em><strong>Entre la clase media baja el porcentaje trepa al 60%. Cuando se les pregunta a los consultados de qu\u00e9 depender\u00e1 si vacacionan o no, el 40 % respondi\u00f3 que depender\u00e1 de c\u00f3mo vea el panorama econ\u00f3mico<\/strong><\/em><\/p>\n<p>&nbsp;<\/p>\n<p>&nbsp;<\/p>\n<p>El 46 % de las familias de clase media eval\u00faa no irse de vacaciones durante el verano y un 17 % respondi\u00f3 que no sabe qu\u00e9 har\u00e1, mientras que el dentro del 37 % que s\u00ed se tomar\u00e1 vacaciones, la mayor parte (25 %) viajar\u00e1 dentro de la Argentina, un 10 % se ir\u00e1 al exterior y el 2 % restante har\u00e1 viajes fuera y dentro del pa\u00eds. En el segmento de ingresos medio bajo la cifra de los que no se tomar\u00e1n vacaciones trepa al 60 %. Los datos surgen de una encuesta elaborada por D\u2019Alessio IROL.<\/p>\n<p>Cuando se les pregunta a los consultados de qu\u00e9 depender\u00e1 si vacacionan o no, el 40 % respondi\u00f3 que depender\u00e1 de c\u00f3mo vea el panorama econ\u00f3mico, el 22 % de cu\u00e1nto cueste y un 19 % asegur\u00f3 que la decisi\u00f3n est\u00e1 vinculada con motivaciones personales.<\/p>\n<p>El panorama econ\u00f3mico es m\u00e1s importante por los sub 30 y quienes tienen entre 45 y 54 a\u00f1os. El costo tiene m\u00e1s peso entre los menores de 44 a\u00f1os \u2013 27 %- y disminuye en los mayores de los 45 a\u00f1os- 18 % -.<\/p>\n<p>Entre los que tienen previsto vacacionar dentro del pa\u00eds, el 35 % dijo que lo har\u00e1 en la costa, el 33 % en el sur (Bariloche, San Mart\u00edn de los Andes y Calafate) y un 28 % a las Sierras (C\u00f3rdoba y San Luis). No obstante, entre los sub 34 a\u00f1os el 60 % prefiere ir al sur, mientras que entre los mayores la opci\u00f3n que predomina es la costa atl\u00e1ntica.<\/p>\n<p>Entre los que viajan al exterior, Europa encabeza el ranking con el 31 % y en segundo lugar aparece Brasil con el 21 %, aunque la primera opci\u00f3n presentada en la encuesta es un continente entero y la segunda solo un pa\u00eds. D\u2019Alessio IROL inform\u00f3 tambi\u00e9n que Chile y M\u00e9xico se posicionan como dos opciones menores, cada una con el 14 %, mientras que Estados Unidos surge como destino para el 7 %, especialmente entre adultos mayores de 45 a\u00f1os.<\/p>\n<p>Por \u00faltimo, el informe destaca que el plazo de las vacaciones se acort\u00f3 respecto de otras temporadas. \u201cPara la mayor parte no superar\u00e1n los 10 d\u00edas. Solo un tercio piensa que se tomar\u00e1 m\u00e1s de 15 d\u00edas\u201d, se destaca para luego aclarar que los mayores de 40 a\u00f1os son los que tendr\u00e1n las vacaciones m\u00e1s prolongadas.<\/p>\n","protected":false},"excerpt":{"rendered":"<p>Entre la clase media baja el porcentaje trepa al 60%. Cuando se les pregunta a los consultados de qu\u00e9 depender\u00e1 si vacacionan o no, el 40 % respondi\u00f3 que depender\u00e1 de c\u00f3mo vea el panorama econ\u00f3mico &nbsp; &nbsp; El 46 % de las familias de clase media eval\u00faa no irse de vacaciones durante el verano y un 17 % respondi\u00f3 que no sabe qu\u00e9 har\u00e1, mientras que el dentro del 37 % que s\u00ed se tomar\u00e1 vacaciones, la mayor parte (25 %) viajar\u00e1 dentro de la Argentina, un 10 %&#8230;<\/p>\n","protected":false},"author":3,"featured_media":112888,"comment_status":"closed","ping_status":"closed","sticky":false,"template":"","format":"standard","meta":[],"categories":[2],"tags":[],"_links":{"self":[{"href":"https:\/\/www.actualidadadiario.com\/index.php\/wp-json\/wp\/v2\/posts\/112887"}],"collection":[{"href":"https:\/\/www.actualidadadiario.com\/index.php\/wp-json\/wp\/v2\/posts"}],"about":[{"href":"https:\/\/www.actualidadadiario.com\/index.php\/wp-json\/wp\/v2\/types\/post"}],"author":[{"embeddable":true,"href":"https:\/\/www.actualidadadiario.com\/index.php\/wp-json\/wp\/v2\/users\/3"}],"replies":[{"embeddable":true,"href":"https:\/\/www.actualidadadiario.com\/index.php\/wp-json\/wp\/v2\/comments?post=112887"}],"version-history":[{"count":1,"href":"https:\/\/www.actualidadadiario.com\/index.php\/wp-json\/wp\/v2\/posts\/112887\/revisions"}],"predecessor-version":[{"id":112889,"href":"https:\/\/www.actualidadadiario.com\/index.php\/wp-json\/wp\/v2\/posts\/112887\/revisions\/112889"}],"wp:featuredmedia":[{"embeddable":true,"href":"https:\/\/www.actualidadadiario.com\/index.php\/wp-json\/wp\/v2\/media\/112888"}],"wp:attachment":[{"href":"https:\/\/www.actualidadadiario.com\/index.php\/wp-json\/wp\/v2\/media?parent=112887"}],"wp:term":[{"taxonomy":"category","embeddable":true,"href":"https:\/\/www.actualidadadiario.com\/index.php\/wp-json\/wp\/v2\/categories?post=112887"},{"taxonomy":"post_tag","embeddable":true,"href":"https:\/\/www.actualidadadiario.com\/index.php\/wp-json\/wp\/v2\/tags?post=112887"}],"curies":[{"name":"wp","href":"https:\/\/api.w.org\/{rel}","templated":true}]}}