{"id":112873,"date":"2024-01-05T11:39:40","date_gmt":"2024-01-05T14:39:40","guid":{"rendered":"https:\/\/www.actualidadadiario.com\/?p=112873"},"modified":"2024-01-05T11:39:40","modified_gmt":"2024-01-05T14:39:40","slug":"preocupacion-por-el-nivel-de-reservas-para-esta-primera-semana-del-ano-en-entre-rios","status":"publish","type":"post","link":"https:\/\/www.actualidadadiario.com\/index.php\/2024\/01\/05\/preocupacion-por-el-nivel-de-reservas-para-esta-primera-semana-del-ano-en-entre-rios\/","title":{"rendered":"Preocupaci\u00f3n por el nivel de reservas para esta primera semana del a\u00f1o en Entre R\u00edos"},"content":{"rendered":"<p style=\"text-align: center;\"><em><strong>As\u00ed lo confirm\u00f3 el presidente de la C\u00e1mara Entrerriana de Turismo, Juan Acedo. Al igual que en otras provincias, la situaci\u00f3n econ\u00f3mica es un factor determinante en el sector<\/strong><\/em><\/p>\n<p>&nbsp;<\/p>\n<p>&nbsp;<\/p>\n<p>La incertidumbre econ\u00f3mica y la bater\u00eda de medidas anunciadas en las \u00faltimas dos semanas por el Gobierno nacional afectaron el desempe\u00f1o de los principales centros tur\u00edsticos del pa\u00eds. Entre R\u00edos no fue la excepci\u00f3n.<\/p>\n<p>La situaci\u00f3n econ\u00f3mica y la crecida de los r\u00edos Paran\u00e1 y Uruguay provocaron que las reservas en la provincia est\u00e9n reci\u00e9n en un 50 por ciento para la primera semana de enero.<\/p>\n<p>Desde la C\u00e1mara de Turismo de Entre R\u00edos informaron que entre las ciudades que m\u00e1s se destacan est\u00e1n Federaci\u00f3n, Col\u00f3n y Gualeguaych\u00fa, en donde comienza el Carnaval del Pa\u00eds.<\/p>\n<p>&nbsp;<\/p>\n<p><strong>Otros casos<\/strong><\/p>\n<p>Seg\u00fan se consign\u00f3, Mar del Plata \u2013uno de los destinos m\u00e1s populares y requeridos por los argentinos durante el verano- cuenta apenas con un 60% de ocupaci\u00f3n.<\/p>\n<p>Pinamar, en tanto, est\u00e1 a un 75% de ocupaci\u00f3n, seg\u00fan datos proporcionados por el Observatorio Tur\u00edstico y Econ\u00f3mico del municipio. El a\u00f1o pasado la cifra al comenzar la temporada hab\u00eda sido del 91%, por lo que la baja en la cantidad de reservas es palpable y ostensible.<\/p>\n<p>Villa Gesell, el destino preferido de los j\u00f3venes argentinos, est\u00e1 al 60% de ocupaci\u00f3n, cuando a\u00f1os anteriores el promedio alcanzaba el 100%.<\/p>\n<p>En las sierras de C\u00f3rdoba tampoco logra repuntar el turismo. All\u00ed, seg\u00fan relev\u00f3 la Asociaci\u00f3n Empresaria Hotelera Gastron\u00f3mica de Calamuchita, el volumen de reservas hoteleras solo llegan al 55% y el de caba\u00f1as al 75%.<\/p>\n","protected":false},"excerpt":{"rendered":"<p>As\u00ed lo confirm\u00f3 el presidente de la C\u00e1mara Entrerriana de Turismo, Juan Acedo. Al igual que en otras provincias, la situaci\u00f3n econ\u00f3mica es un factor determinante en el sector &nbsp; &nbsp; La incertidumbre econ\u00f3mica y la bater\u00eda de medidas anunciadas en las \u00faltimas dos semanas por el Gobierno nacional afectaron el desempe\u00f1o de los principales centros tur\u00edsticos del pa\u00eds. Entre R\u00edos no fue la excepci\u00f3n. La situaci\u00f3n econ\u00f3mica y la crecida de los r\u00edos Paran\u00e1 y Uruguay provocaron que las reservas en la provincia est\u00e9n reci\u00e9n en un 50 por&#8230;<\/p>\n","protected":false},"author":3,"featured_media":109509,"comment_status":"closed","ping_status":"closed","sticky":false,"template":"","format":"standard","meta":[],"categories":[15],"tags":[],"_links":{"self":[{"href":"https:\/\/www.actualidadadiario.com\/index.php\/wp-json\/wp\/v2\/posts\/112873"}],"collection":[{"href":"https:\/\/www.actualidadadiario.com\/index.php\/wp-json\/wp\/v2\/posts"}],"about":[{"href":"https:\/\/www.actualidadadiario.com\/index.php\/wp-json\/wp\/v2\/types\/post"}],"author":[{"embeddable":true,"href":"https:\/\/www.actualidadadiario.com\/index.php\/wp-json\/wp\/v2\/users\/3"}],"replies":[{"embeddable":true,"href":"https:\/\/www.actualidadadiario.com\/index.php\/wp-json\/wp\/v2\/comments?post=112873"}],"version-history":[{"count":1,"href":"https:\/\/www.actualidadadiario.com\/index.php\/wp-json\/wp\/v2\/posts\/112873\/revisions"}],"predecessor-version":[{"id":112874,"href":"https:\/\/www.actualidadadiario.com\/index.php\/wp-json\/wp\/v2\/posts\/112873\/revisions\/112874"}],"wp:featuredmedia":[{"embeddable":true,"href":"https:\/\/www.actualidadadiario.com\/index.php\/wp-json\/wp\/v2\/media\/109509"}],"wp:attachment":[{"href":"https:\/\/www.actualidadadiario.com\/index.php\/wp-json\/wp\/v2\/media?parent=112873"}],"wp:term":[{"taxonomy":"category","embeddable":true,"href":"https:\/\/www.actualidadadiario.com\/index.php\/wp-json\/wp\/v2\/categories?post=112873"},{"taxonomy":"post_tag","embeddable":true,"href":"https:\/\/www.actualidadadiario.com\/index.php\/wp-json\/wp\/v2\/tags?post=112873"}],"curies":[{"name":"wp","href":"https:\/\/api.w.org\/{rel}","templated":true}]}}