{"id":112871,"date":"2024-01-05T11:36:18","date_gmt":"2024-01-05T14:36:18","guid":{"rendered":"https:\/\/www.actualidadadiario.com\/?p=112871"},"modified":"2024-01-05T11:36:18","modified_gmt":"2024-01-05T14:36:18","slug":"continuan-los-casos-de-dengue-en-chajari-se-registraron-tres-nuevos-contagios","status":"publish","type":"post","link":"https:\/\/www.actualidadadiario.com\/index.php\/2024\/01\/05\/continuan-los-casos-de-dengue-en-chajari-se-registraron-tres-nuevos-contagios\/","title":{"rendered":"Contin\u00faan los casos de dengue en Chajar\u00ed: se registraron tres nuevos contagios"},"content":{"rendered":"<p style=\"text-align: center;\"><em><strong>En la ma\u00f1ana de este viernes, el Hospital Santa Rosa de Chajar\u00ed, a trav\u00e9s del Nodo de Epidemiolog\u00eda, inform\u00f3 tres nuevos casos positivos en la ciudad<\/strong><\/em><\/p>\n<p>&nbsp;<\/p>\n<p>&nbsp;<\/p>\n<p>Los casos confirmados fueron registrados en los Barrios Guarumba, Jard\u00edn y San Jos\u00e9 Obrero.<\/p>\n<p>Desde el Nodo de Epidemiolog\u00eda confirmaron que ya se dio intervenci\u00f3n a la Municipalidad de Chajar\u00ed para que arbitre las medidas correspondientes y, adem\u00e1s, personal del Hospital estar\u00e1 este viernes por la ma\u00f1ana realizando bloqueo preventivo y la pr\u00f3xima semana la b\u00fasqueda de febriles.<\/p>\n<p>&nbsp;<\/p>\n<p><strong>En total, a la fecha, se han registrado 8 casos:<\/strong><\/p>\n<p>2 Barrio Verde (casos aut\u00f3ctonos)<\/p>\n<p>1 Barrio Pinar (por viaje)<\/p>\n<p>1 Barrio Centro (por viaje)<\/p>\n<p>1 Barrio Jard\u00edn (caso aut\u00f3ctono)<\/p>\n<p>1 Barrio San Jos\u00e9 Obrero (por viaje)<\/p>\n<p>1 Barrio Guarumba (caso aut\u00f3ctono)<\/p>\n<p>1 Barrio Villa Alejandrina (aut\u00f3ctono)<\/p>\n","protected":false},"excerpt":{"rendered":"<p>En la ma\u00f1ana de este viernes, el Hospital Santa Rosa de Chajar\u00ed, a trav\u00e9s del Nodo de Epidemiolog\u00eda, inform\u00f3 tres nuevos casos positivos en la ciudad &nbsp; &nbsp; Los casos confirmados fueron registrados en los Barrios Guarumba, Jard\u00edn y San Jos\u00e9 Obrero. Desde el Nodo de Epidemiolog\u00eda confirmaron que ya se dio intervenci\u00f3n a la Municipalidad de Chajar\u00ed para que arbitre las medidas correspondientes y, adem\u00e1s, personal del Hospital estar\u00e1 este viernes por la ma\u00f1ana realizando bloqueo preventivo y la pr\u00f3xima semana la b\u00fasqueda de febriles. &nbsp; En total, a&#8230;<\/p>\n","protected":false},"author":3,"featured_media":101403,"comment_status":"closed","ping_status":"closed","sticky":false,"template":"","format":"standard","meta":[],"categories":[15],"tags":[],"_links":{"self":[{"href":"https:\/\/www.actualidadadiario.com\/index.php\/wp-json\/wp\/v2\/posts\/112871"}],"collection":[{"href":"https:\/\/www.actualidadadiario.com\/index.php\/wp-json\/wp\/v2\/posts"}],"about":[{"href":"https:\/\/www.actualidadadiario.com\/index.php\/wp-json\/wp\/v2\/types\/post"}],"author":[{"embeddable":true,"href":"https:\/\/www.actualidadadiario.com\/index.php\/wp-json\/wp\/v2\/users\/3"}],"replies":[{"embeddable":true,"href":"https:\/\/www.actualidadadiario.com\/index.php\/wp-json\/wp\/v2\/comments?post=112871"}],"version-history":[{"count":1,"href":"https:\/\/www.actualidadadiario.com\/index.php\/wp-json\/wp\/v2\/posts\/112871\/revisions"}],"predecessor-version":[{"id":112872,"href":"https:\/\/www.actualidadadiario.com\/index.php\/wp-json\/wp\/v2\/posts\/112871\/revisions\/112872"}],"wp:featuredmedia":[{"embeddable":true,"href":"https:\/\/www.actualidadadiario.com\/index.php\/wp-json\/wp\/v2\/media\/101403"}],"wp:attachment":[{"href":"https:\/\/www.actualidadadiario.com\/index.php\/wp-json\/wp\/v2\/media?parent=112871"}],"wp:term":[{"taxonomy":"category","embeddable":true,"href":"https:\/\/www.actualidadadiario.com\/index.php\/wp-json\/wp\/v2\/categories?post=112871"},{"taxonomy":"post_tag","embeddable":true,"href":"https:\/\/www.actualidadadiario.com\/index.php\/wp-json\/wp\/v2\/tags?post=112871"}],"curies":[{"name":"wp","href":"https:\/\/api.w.org\/{rel}","templated":true}]}}