{"id":112868,"date":"2024-01-05T11:35:07","date_gmt":"2024-01-05T14:35:07","guid":{"rendered":"https:\/\/www.actualidadadiario.com\/?p=112868"},"modified":"2024-01-05T11:35:07","modified_gmt":"2024-01-05T14:35:07","slug":"el-nuevo-directorio-de-la-cafesg-adelanto-que-gestionara-cambios-para-mejorar-los-fondos-de-salto-grande","status":"publish","type":"post","link":"https:\/\/www.actualidadadiario.com\/index.php\/2024\/01\/05\/el-nuevo-directorio-de-la-cafesg-adelanto-que-gestionara-cambios-para-mejorar-los-fondos-de-salto-grande\/","title":{"rendered":"El nuevo Directorio de la Cafesg adelant\u00f3 que gestionar\u00e1 cambios para mejorar los fondos de Salto Grande"},"content":{"rendered":"<p style=\"text-align: center;\"><em><strong>El ex intendente de Federaci\u00f3n, Carlos Cecco preside el Directorio de la Comisi\u00f3n Administradora para el Fondo Especial de Salto Grande (Cafesg), mientras que el ex intendente de San Jos\u00e9, Pablo Canali; el ex senador Miguel Piana y la ex diputada provincial Felicita Rodr\u00edguez se desempe\u00f1an como vocales. \u201cVenimos a gestionar desde lo pol\u00edtico la modificaci\u00f3n de las tarifas que recibe Salto Grande por generaci\u00f3n de energ\u00eda\u201d, afirmaron<\/strong><\/em><\/p>\n<p>&nbsp;<\/p>\n<p>&nbsp;<\/p>\n<p>Carlos Cecco, oriundo de la ciudad de Federaci\u00f3n, donde ocupara el cargo de intendente en cuatro mandatos; Pablo Canali, dos veces intendente de la localidad de San Jos\u00e9 en el departamento Col\u00f3n; Miguel Piana, oriundo de la ciudad de Chajar\u00ed, donde representara al departamento Federaci\u00f3n en la legislatura provincial como Senador durante un per\u00edodo; y Mar\u00eda Felicitas Rodr\u00edguez, de la ciudad de Concepci\u00f3n del Uruguay, desde donde fuera electa Diputada provincial por un mandato, conforman el nuevo Directorio de la Comisi\u00f3n Administradora para el Fondo Especial de Salto Grande (Cafesg).<\/p>\n<p>Carlos Cecco ocupar\u00e1 la presidencia del Directorio del organismo provincial, complet\u00e1ndose el mismo con los restantes miembros mencionados en car\u00e1cter de vocales.<\/p>\n<p>Cecco, Canali y Piana tuvieron este jueves su primera jornada oficial de trabajo en la Comisi\u00f3n Administradora para el Fondo Especial de Salto Grande, llevando adelante una reuni\u00f3n de Directorio ampliada con el personal a cargo de las diferentes \u00e1reas que componen el organismo provincial.<\/p>\n<p>Cabe destacar que la nueva conducci\u00f3n de la Cafesg ya ven\u00eda realizando jornadas de trabajo y contacto con el personal a fin de interiorizarse de cuestiones que hacen al funcionamiento cotidiano del mismo, formalizando su conducci\u00f3n en la reuni\u00f3n de Directorio establecida por estatuto.<\/p>\n<p>Cada uno de los miembros destac\u00f3 y valor\u00f3 la oportunidad que les otorga el gobernador de la Provincia, Rogelio Frigerio, al haberlos elegido para conducir un organismo con m\u00e1s de veinticinco a\u00f1os de desempe\u00f1o en la regi\u00f3n de Salto Grande.<\/p>\n<p>Asimismo, resaltaron: &#8220;Queremos que la Cafesg vuelva a cumplir el rol para la cual fuera creada en sus leyes originarias, venimos a gestionar desde lo pol\u00edtico la modificaci\u00f3n de las tarifas que recibe Salto Grande por generaci\u00f3n de energ\u00eda, que son el origen de los fondos a trav\u00e9s de los cuales el organismo impulsa el desarrollo en las comunidades de la regi\u00f3n&#8221;.<\/p>\n<p>En otro tramo de la reuni\u00f3n fueron contundentes en el perfil de &#8220;trabajar de manera conjunta con todo el personal de la Cafesg, as\u00ed como con todas las instituciones intermedias y ONGs de la regi\u00f3n y estamentos del Estado en todos sus niveles que puedan aportar valor a la tarea que se desarrolle desde la Comisi\u00f3n Administradora&#8221;.<\/p>\n<p>Por \u00faltimo, instaron al personal a &#8220;continuar y fortalecer la senda del esfuerzo, atendiendo y escuchando a todos, y trabajando con el compromiso y el objetivo de brindar las mejores respuestas posibles y de la manera m\u00e1s r\u00e1pida a las demandas de las comunidades donde tengamos injerencia&#8221;.<\/p>\n","protected":false},"excerpt":{"rendered":"<p>El ex intendente de Federaci\u00f3n, Carlos Cecco preside el Directorio de la Comisi\u00f3n Administradora para el Fondo Especial de Salto Grande (Cafesg), mientras que el ex intendente de San Jos\u00e9, Pablo Canali; el ex senador Miguel Piana y la ex diputada provincial Felicita Rodr\u00edguez se desempe\u00f1an como vocales. \u201cVenimos a gestionar desde lo pol\u00edtico la modificaci\u00f3n de las tarifas que recibe Salto Grande por generaci\u00f3n de energ\u00eda\u201d, afirmaron &nbsp; &nbsp; Carlos Cecco, oriundo de la ciudad de Federaci\u00f3n, donde ocupara el cargo de intendente en cuatro mandatos; Pablo Canali, dos&#8230;<\/p>\n","protected":false},"author":3,"featured_media":112869,"comment_status":"closed","ping_status":"closed","sticky":false,"template":"","format":"standard","meta":[],"categories":[15],"tags":[],"_links":{"self":[{"href":"https:\/\/www.actualidadadiario.com\/index.php\/wp-json\/wp\/v2\/posts\/112868"}],"collection":[{"href":"https:\/\/www.actualidadadiario.com\/index.php\/wp-json\/wp\/v2\/posts"}],"about":[{"href":"https:\/\/www.actualidadadiario.com\/index.php\/wp-json\/wp\/v2\/types\/post"}],"author":[{"embeddable":true,"href":"https:\/\/www.actualidadadiario.com\/index.php\/wp-json\/wp\/v2\/users\/3"}],"replies":[{"embeddable":true,"href":"https:\/\/www.actualidadadiario.com\/index.php\/wp-json\/wp\/v2\/comments?post=112868"}],"version-history":[{"count":1,"href":"https:\/\/www.actualidadadiario.com\/index.php\/wp-json\/wp\/v2\/posts\/112868\/revisions"}],"predecessor-version":[{"id":112870,"href":"https:\/\/www.actualidadadiario.com\/index.php\/wp-json\/wp\/v2\/posts\/112868\/revisions\/112870"}],"wp:featuredmedia":[{"embeddable":true,"href":"https:\/\/www.actualidadadiario.com\/index.php\/wp-json\/wp\/v2\/media\/112869"}],"wp:attachment":[{"href":"https:\/\/www.actualidadadiario.com\/index.php\/wp-json\/wp\/v2\/media?parent=112868"}],"wp:term":[{"taxonomy":"category","embeddable":true,"href":"https:\/\/www.actualidadadiario.com\/index.php\/wp-json\/wp\/v2\/categories?post=112868"},{"taxonomy":"post_tag","embeddable":true,"href":"https:\/\/www.actualidadadiario.com\/index.php\/wp-json\/wp\/v2\/tags?post=112868"}],"curies":[{"name":"wp","href":"https:\/\/api.w.org\/{rel}","templated":true}]}}