{"id":112862,"date":"2024-01-05T11:30:11","date_gmt":"2024-01-05T14:30:11","guid":{"rendered":"https:\/\/www.actualidadadiario.com\/?p=112862"},"modified":"2024-01-05T11:30:11","modified_gmt":"2024-01-05T14:30:11","slug":"diputados-justicialistas-impulsan-una-ley-de-gondolas-para-la-provincia","status":"publish","type":"post","link":"https:\/\/www.actualidadadiario.com\/index.php\/2024\/01\/05\/diputados-justicialistas-impulsan-una-ley-de-gondolas-para-la-provincia\/","title":{"rendered":"Diputados justicialistas impulsan una Ley de G\u00f3ndolas para la provincia"},"content":{"rendered":"<p style=\"text-align: center;\"><em><strong>Desde el bloque de diputadas y diputados provinciales el PJ afirmaron que la iniciativa apunta a \u201cresguardar a las peque\u00f1as empresas,\u00a0 a las cooperativas y a los consumidores locales ante las medidas del Gobierno nacional\u201d. Busca remediar el impacto perjudicial que tiene la derogaci\u00f3n de \u201cLey de g\u00f3ndolas\u201d a nivel nacional<\/strong><\/em><\/p>\n<p>&nbsp;<\/p>\n<p>&nbsp;<\/p>\n<p>El bloque M\u00e1s Para Entre R\u00edos impulsa una norma que promueva condiciones de competencia justa, prohibiendo los abusos de posici\u00f3n dominante en el mercado; y que fortalezca el tejido productivo regional,\u00a0 garantizando relaciones igualitarias entre los productores locales, las Medianas y Peque\u00f1as Empresas\u00a0 (MIPyMEs) y los grandes establecimientos comerciales.<\/p>\n<p>De este modo, tambi\u00e9n se garantizar\u00e1 que exista una mayor oferta de productos a disposici\u00f3n de las y los consumidores en las grandes cadenas de supermercados y se defender\u00e1 la generaci\u00f3n de empleo local.<\/p>\n<p>La iniciativa ingresada a la C\u00e1mara de Diputados busca remediar el impacto perjudicial que tiene la derogaci\u00f3n de \u201cLey de g\u00f3ndolas\u201d nacional impulsada a trav\u00e9s del reciente Decreto de Necesidad y Urgencia (DNU) N\u00b0 70, y que es parte de las pol\u00edticas promovidas por el actual gobierno nacional para favorecer a\u00fan m\u00e1s a las a las grandes cadenas de supermercados e hipermercados, perjudicando a las y los productores regionales.<\/p>\n<p>La norma establece condiciones comerciales justas y equitativas en el trato entre los productores y las MIPyMEs locales con los supermercados e hipermercados; adem\u00e1s de sensibilizar a los sobre las ventajas econ\u00f3micas del consumo de productos elaborados en Entre R\u00edos.<\/p>\n<p>De esta forma las cadenas de supermercados, hipermercados y negocios de igual rubro en la provincia deber\u00e1n disponer los productos locales \u201cclaramente identificados en el lugar de su exhibici\u00f3n, en un espacio visible\u201d manteniendo un porcentaje ecu\u00e1nime entre lo expuesto por diferentes proveedores, y quedando prohibido que un mismo grupo empresario supere el 40% del espacio disponible de exhibici\u00f3n.<\/p>\n<p>Esta regulaci\u00f3n regir\u00e1 para todo espacio f\u00edsico, mueble y estanter\u00eda, en los que se ofrecen productos de similares caracter\u00edsticas, incluidas las puntas de g\u00f3ndola; y tambi\u00e9n para las locaciones virtuales como p\u00e1ginas web, aplicaciones m\u00f3viles y tiendas de comercio electr\u00f3nico o similar.<\/p>\n<p>Adem\u00e1s los grandes comercios deber\u00e1n mantener condiciones de no discriminaci\u00f3n y equidad con las empresas proveedoras de los productos alcanzadas por esta ley, respecto los proveedores regulares que no est\u00e1n comprendidos en la norma.<\/p>\n<p>\u201cEn contra del postulado del \u2018s\u00e1lvese quien pueda\u2019 en el marco del feroz ajuste que lleva adelante el gobierno nacional\u201d, las y los legisladores justicialistas sostienen que \u201cla propiedad privada debe tener una funci\u00f3n social y estar al servicio del desarrollo equitativo de los ciudadanos y de la provincia, tal como lo se\u00f1alan la Constituci\u00f3n Nacional y la de Entre R\u00edos\u201d.<\/p>\n<p>Igualmente destacan que la protecci\u00f3n de las MIPyMEs, productores primarios y cooperativas que tengan su proceso productivo mayoritariamente en el territorio entrerriano contribuye a una mejor distribuci\u00f3n del ingreso y a generar mayores oportunidades laborales.<\/p>\n<p>Ser\u00e1 autoridad de aplicaci\u00f3n de la ley el Ministerio de Desarrollo Econ\u00f3mico y luego de su sanci\u00f3n, el Poder Ejecutivo provincial tendr\u00e1 un plazo no mayor a 90 d\u00edas para reglamentarla.<\/p>\n","protected":false},"excerpt":{"rendered":"<p>Desde el bloque de diputadas y diputados provinciales el PJ afirmaron que la iniciativa apunta a \u201cresguardar a las peque\u00f1as empresas,\u00a0 a las cooperativas y a los consumidores locales ante las medidas del Gobierno nacional\u201d. Busca remediar el impacto perjudicial que tiene la derogaci\u00f3n de \u201cLey de g\u00f3ndolas\u201d a nivel nacional &nbsp; &nbsp; El bloque M\u00e1s Para Entre R\u00edos impulsa una norma que promueva condiciones de competencia justa, prohibiendo los abusos de posici\u00f3n dominante en el mercado; y que fortalezca el tejido productivo regional,\u00a0 garantizando relaciones igualitarias entre los productores&#8230;<\/p>\n","protected":false},"author":3,"featured_media":112863,"comment_status":"closed","ping_status":"closed","sticky":false,"template":"","format":"standard","meta":[],"categories":[15],"tags":[],"_links":{"self":[{"href":"https:\/\/www.actualidadadiario.com\/index.php\/wp-json\/wp\/v2\/posts\/112862"}],"collection":[{"href":"https:\/\/www.actualidadadiario.com\/index.php\/wp-json\/wp\/v2\/posts"}],"about":[{"href":"https:\/\/www.actualidadadiario.com\/index.php\/wp-json\/wp\/v2\/types\/post"}],"author":[{"embeddable":true,"href":"https:\/\/www.actualidadadiario.com\/index.php\/wp-json\/wp\/v2\/users\/3"}],"replies":[{"embeddable":true,"href":"https:\/\/www.actualidadadiario.com\/index.php\/wp-json\/wp\/v2\/comments?post=112862"}],"version-history":[{"count":1,"href":"https:\/\/www.actualidadadiario.com\/index.php\/wp-json\/wp\/v2\/posts\/112862\/revisions"}],"predecessor-version":[{"id":112864,"href":"https:\/\/www.actualidadadiario.com\/index.php\/wp-json\/wp\/v2\/posts\/112862\/revisions\/112864"}],"wp:featuredmedia":[{"embeddable":true,"href":"https:\/\/www.actualidadadiario.com\/index.php\/wp-json\/wp\/v2\/media\/112863"}],"wp:attachment":[{"href":"https:\/\/www.actualidadadiario.com\/index.php\/wp-json\/wp\/v2\/media?parent=112862"}],"wp:term":[{"taxonomy":"category","embeddable":true,"href":"https:\/\/www.actualidadadiario.com\/index.php\/wp-json\/wp\/v2\/categories?post=112862"},{"taxonomy":"post_tag","embeddable":true,"href":"https:\/\/www.actualidadadiario.com\/index.php\/wp-json\/wp\/v2\/tags?post=112862"}],"curies":[{"name":"wp","href":"https:\/\/api.w.org\/{rel}","templated":true}]}}