{"id":112860,"date":"2024-01-05T11:28:22","date_gmt":"2024-01-05T14:28:22","guid":{"rendered":"https:\/\/www.actualidadadiario.com\/?p=112860"},"modified":"2024-01-05T11:28:22","modified_gmt":"2024-01-05T14:28:22","slug":"el-pj-entrerriano-renueva-cargos","status":"publish","type":"post","link":"https:\/\/www.actualidadadiario.com\/index.php\/2024\/01\/05\/el-pj-entrerriano-renueva-cargos\/","title":{"rendered":"El PJ entrerriano renueva cargos"},"content":{"rendered":"<p style=\"text-align: center;\"><em><strong>En el Bolet\u00edn Oficial del 3 de enero trascendieron las fechas estipuladas en el marco de las elecciones internas del Partido Justicialista de la provincia<\/strong><\/em><\/p>\n<p>&nbsp;<\/p>\n<p>&nbsp;<\/p>\n<p>&#8220;El Partido Justicialista convoca a elecciones internas partidarias para elegir cargos del Congreso Provincial, Consejo Provincial, Consejos Departamentales, Consejos de Unidades B\u00e1sicas y Rectorado&#8221;, se se\u00f1al\u00f3 en el texto que lleva la firma del secretario general, Jos\u00e9 C\u00e1ceres.<\/p>\n<p>&nbsp;<\/p>\n<p><strong>Cronograma<\/strong><\/p>\n<p>Cierre de Padr\u00f3n 3 de febrero de 2024<\/p>\n<p>Publicaci\u00f3n del padr\u00f3n 10 de febrero de 2024<\/p>\n<p>Presentaci\u00f3n de listas 17 de febrero de 2024<\/p>\n<p>Impugnaciones 20 de febrero de 2024<\/p>\n<p>Resoluci\u00f3n de impugnaciones 22 de febrero de 2024<\/p>\n<p>Oficializaci\u00f3n de listas 23 de febrero de 2024<\/p>\n<p>Presentaci\u00f3n de facs\u00edmil 25 de febrero de 2024<\/p>\n<p>Oficializaci\u00f3n de boletas 27 de febrero de 2024<\/p>\n<p>Presentaci\u00f3n boletas impresas 29 de febrero de 2024<\/p>\n<p>Elecciones 10 de marzo de 2024<\/p>\n<p>&nbsp;<\/p>\n<p>La Junta Electoral estableci\u00f3 que los d\u00edas y horas de atenci\u00f3n ser\u00e1n de lunes a viernes de 8 a 20 horas en la sede partidaria y sus resoluciones se publicar\u00e1n en el sitio web oficial www.pjentrerios.org.ar<\/p>\n","protected":false},"excerpt":{"rendered":"<p>En el Bolet\u00edn Oficial del 3 de enero trascendieron las fechas estipuladas en el marco de las elecciones internas del Partido Justicialista de la provincia &nbsp; &nbsp; &#8220;El Partido Justicialista convoca a elecciones internas partidarias para elegir cargos del Congreso Provincial, Consejo Provincial, Consejos Departamentales, Consejos de Unidades B\u00e1sicas y Rectorado&#8221;, se se\u00f1al\u00f3 en el texto que lleva la firma del secretario general, Jos\u00e9 C\u00e1ceres. &nbsp; Cronograma Cierre de Padr\u00f3n 3 de febrero de 2024 Publicaci\u00f3n del padr\u00f3n 10 de febrero de 2024 Presentaci\u00f3n de listas 17 de febrero de&#8230;<\/p>\n","protected":false},"author":3,"featured_media":112477,"comment_status":"closed","ping_status":"closed","sticky":false,"template":"","format":"standard","meta":[],"categories":[15],"tags":[],"_links":{"self":[{"href":"https:\/\/www.actualidadadiario.com\/index.php\/wp-json\/wp\/v2\/posts\/112860"}],"collection":[{"href":"https:\/\/www.actualidadadiario.com\/index.php\/wp-json\/wp\/v2\/posts"}],"about":[{"href":"https:\/\/www.actualidadadiario.com\/index.php\/wp-json\/wp\/v2\/types\/post"}],"author":[{"embeddable":true,"href":"https:\/\/www.actualidadadiario.com\/index.php\/wp-json\/wp\/v2\/users\/3"}],"replies":[{"embeddable":true,"href":"https:\/\/www.actualidadadiario.com\/index.php\/wp-json\/wp\/v2\/comments?post=112860"}],"version-history":[{"count":1,"href":"https:\/\/www.actualidadadiario.com\/index.php\/wp-json\/wp\/v2\/posts\/112860\/revisions"}],"predecessor-version":[{"id":112861,"href":"https:\/\/www.actualidadadiario.com\/index.php\/wp-json\/wp\/v2\/posts\/112860\/revisions\/112861"}],"wp:featuredmedia":[{"embeddable":true,"href":"https:\/\/www.actualidadadiario.com\/index.php\/wp-json\/wp\/v2\/media\/112477"}],"wp:attachment":[{"href":"https:\/\/www.actualidadadiario.com\/index.php\/wp-json\/wp\/v2\/media?parent=112860"}],"wp:term":[{"taxonomy":"category","embeddable":true,"href":"https:\/\/www.actualidadadiario.com\/index.php\/wp-json\/wp\/v2\/categories?post=112860"},{"taxonomy":"post_tag","embeddable":true,"href":"https:\/\/www.actualidadadiario.com\/index.php\/wp-json\/wp\/v2\/tags?post=112860"}],"curies":[{"name":"wp","href":"https:\/\/api.w.org\/{rel}","templated":true}]}}