{"id":112855,"date":"2024-01-05T11:24:39","date_gmt":"2024-01-05T14:24:39","guid":{"rendered":"https:\/\/www.actualidadadiario.com\/?p=112855"},"modified":"2024-01-05T11:24:39","modified_gmt":"2024-01-05T14:24:39","slug":"aumentos-en-la-factura-de-energia-electrica-en-entre-rios","status":"publish","type":"post","link":"https:\/\/www.actualidadadiario.com\/index.php\/2024\/01\/05\/aumentos-en-la-factura-de-energia-electrica-en-entre-rios\/","title":{"rendered":"Aumentos en la factura de energ\u00eda el\u00e9ctrica en  Entre R\u00edos"},"content":{"rendered":"<p style=\"text-align: center;\"><em><strong>La distribuidora estatal Energ\u00eda Entre R\u00edos SA (Enersa) inform\u00f3 que a partir del pr\u00f3ximo 1\u00b0 de febrero el costo de la energ\u00eda subir\u00e1 un 18,4%. Ese d\u00eda entrar\u00e1 en vigencia el nuevo cuadro tarifario que aprob\u00f3 el Ente Provincial Regulador de la Energ\u00eda (EPRE) a trav\u00e9s de la resoluci\u00f3n N\u00b0 183, que dict\u00f3 este viernes 29 de diciembre<\/strong><\/em><\/p>\n<p>&nbsp;<\/p>\n<p>&nbsp;<\/p>\n<p>&nbsp;<\/p>\n<p>Al respecto, Enersa comunic\u00f3 la novedad e indic\u00f3 que el Ente Regulador \u2013organismo intervenido por el Gobierno desde su creaci\u00f3n- decidi\u00f3 poner en vigencia los nuevos valores para el cuadro tarifario con aplicaci\u00f3n a partir del 1\u00b0 de febrero de 2024. Dicho cuadro contempla un incremento promedio del 18,4% para todos los segmentos de consumo, y su aplicaci\u00f3n fue resuelta originariamente por Resoluci\u00f3n EPRE 2019 del a\u00f1o 2022, que dispuso en aquella oportunidad recomponer la tarifa en cuatro cuotas anuales, siendo \u00e9sta la segunda etapa.<\/p>\n<p>A lo largo de estos \u00faltimos cinco a\u00f1os, tanto Enersa como las mayor\u00edas de las distribuidoras el\u00e9ctricas del pa\u00eds han sufrido congelamientos tarifarios que provocaron diferimientos en los planes de inversi\u00f3n de sus correspondientes sistemas energ\u00e9ticos. \u201cEsta actualizaci\u00f3n es de suma necesidad para poder continuar brindando un servicio de calidad, especialmente en esta temporada estival en la que se esperan nuevas olas de calor y fen\u00f3menos clim\u00e1ticos de magnitud como los que hoy se producen reiteradamente en nuestra Provincia\u201d, plante\u00f3 la distribuidora.<\/p>\n<p>En ese marco, Enersa remarc\u00f3 que el \u00edndice de inflaci\u00f3n aplicado para este cuadro \u201ces considerablemente menor a la inflaci\u00f3n real, que a diciembre 2023 superar\u00eda el 200% y se prev\u00e9 continuar\u00e1 en alza en los pr\u00f3ximos meses\u201d.<\/p>\n<p>&nbsp;<\/p>\n<p><strong>Aumentos del 70%<\/strong><\/p>\n<p>Sin embargo, hay componentes de la factura que tendr\u00e1n aumentos mucho mayores, cercanos al 70%:<\/p>\n<ul>\n<li>El componente de la factura denominado cargo fijo mensual, que hoy tiene un valor de $733,20 pasar\u00e1, en febrero pr\u00f3ximo, a valer $1.254, esto es una suba del 71%.<\/li>\n<li>En tanto, la colocaci\u00f3n de medidor, que hoy tiene un valor de $4.055 pasar\u00e1 a $6.935, tambi\u00e9n un aumento del 71%.<\/li>\n<li>El env\u00edo de aviso de suspensi\u00f3n del servicio por falta de pago, que hoy est\u00e1 en $292 con la suba de febrero pasar\u00e1 a tener un valor de $499, un 70,9% m\u00e1s.<\/li>\n<li>Y el gasto de verificaci\u00f3n de medidor, actualmente en $1.224 tendr\u00e1 desde febrero un costo de $2.094, un incremento del 71%.<\/li>\n<\/ul>\n","protected":false},"excerpt":{"rendered":"<p>La distribuidora estatal Energ\u00eda Entre R\u00edos SA (Enersa) inform\u00f3 que a partir del pr\u00f3ximo 1\u00b0 de febrero el costo de la energ\u00eda subir\u00e1 un 18,4%. Ese d\u00eda entrar\u00e1 en vigencia el nuevo cuadro tarifario que aprob\u00f3 el Ente Provincial Regulador de la Energ\u00eda (EPRE) a trav\u00e9s de la resoluci\u00f3n N\u00b0 183, que dict\u00f3 este viernes 29 de diciembre &nbsp; &nbsp; &nbsp; Al respecto, Enersa comunic\u00f3 la novedad e indic\u00f3 que el Ente Regulador \u2013organismo intervenido por el Gobierno desde su creaci\u00f3n- decidi\u00f3 poner en vigencia los nuevos valores para el&#8230;<\/p>\n","protected":false},"author":3,"featured_media":90540,"comment_status":"closed","ping_status":"closed","sticky":false,"template":"","format":"standard","meta":[],"categories":[9],"tags":[],"_links":{"self":[{"href":"https:\/\/www.actualidadadiario.com\/index.php\/wp-json\/wp\/v2\/posts\/112855"}],"collection":[{"href":"https:\/\/www.actualidadadiario.com\/index.php\/wp-json\/wp\/v2\/posts"}],"about":[{"href":"https:\/\/www.actualidadadiario.com\/index.php\/wp-json\/wp\/v2\/types\/post"}],"author":[{"embeddable":true,"href":"https:\/\/www.actualidadadiario.com\/index.php\/wp-json\/wp\/v2\/users\/3"}],"replies":[{"embeddable":true,"href":"https:\/\/www.actualidadadiario.com\/index.php\/wp-json\/wp\/v2\/comments?post=112855"}],"version-history":[{"count":1,"href":"https:\/\/www.actualidadadiario.com\/index.php\/wp-json\/wp\/v2\/posts\/112855\/revisions"}],"predecessor-version":[{"id":112856,"href":"https:\/\/www.actualidadadiario.com\/index.php\/wp-json\/wp\/v2\/posts\/112855\/revisions\/112856"}],"wp:featuredmedia":[{"embeddable":true,"href":"https:\/\/www.actualidadadiario.com\/index.php\/wp-json\/wp\/v2\/media\/90540"}],"wp:attachment":[{"href":"https:\/\/www.actualidadadiario.com\/index.php\/wp-json\/wp\/v2\/media?parent=112855"}],"wp:term":[{"taxonomy":"category","embeddable":true,"href":"https:\/\/www.actualidadadiario.com\/index.php\/wp-json\/wp\/v2\/categories?post=112855"},{"taxonomy":"post_tag","embeddable":true,"href":"https:\/\/www.actualidadadiario.com\/index.php\/wp-json\/wp\/v2\/tags?post=112855"}],"curies":[{"name":"wp","href":"https:\/\/api.w.org\/{rel}","templated":true}]}}