{"id":112844,"date":"2024-01-04T16:15:53","date_gmt":"2024-01-04T19:15:53","guid":{"rendered":"https:\/\/www.actualidadadiario.com\/?p=112844"},"modified":"2024-01-04T16:15:53","modified_gmt":"2024-01-04T19:15:53","slug":"varios-heridos-de-bala-tras-un-tiroteo-en-un-colegio-secundario-en-eeuu","status":"publish","type":"post","link":"https:\/\/www.actualidadadiario.com\/index.php\/2024\/01\/04\/varios-heridos-de-bala-tras-un-tiroteo-en-un-colegio-secundario-en-eeuu\/","title":{"rendered":"Varios heridos de bala tras un tiroteo en un colegio secundario en EEUU"},"content":{"rendered":"<p style=\"text-align: center;\"><em><strong>Seg\u00fan fuentes de la polic\u00eda, el autor de los disparos era un estudiante del colegio secundario y muri\u00f3. El hecho se produjo poco antes del inicio de clases, por lo que hab\u00eda muy pocos estudiantes y profesores en el edificio<\/strong><\/em><\/p>\n<p>&nbsp;<\/p>\n<p>&nbsp;<\/p>\n<p>Varias personas resultaron heridas de bala este jueves en un tiroteo en un colegio secundario en la ciudad estadounidense de Iowa, registrado por la ma\u00f1ana, poco antes del inicio de clases.<\/p>\n<p>&#8220;Por suerte hab\u00eda muy pocos estudiantes y profesores en el edificio&#8221;, declar\u00f3 en conferencia de prensa el jefe de polic\u00eda del condado de Dallas, Adam Infante, que dijo que por el momento no est\u00e1 claro cu\u00e1ntas personas resultaron heridas ni qu\u00e9 situaci\u00f3n est\u00e1n.<\/p>\n<p>Seg\u00fan Infante, el atacante fue identificado, aunque no revel\u00f3 su identidad. Medios locales aseguraron que, de acuerdo con fuentes de la polic\u00eda, el autor de los disparos era un estudiante del colegio secundario y muri\u00f3.<\/p>\n<p>&#8220;No hay m\u00e1s peligro para el p\u00fablico. La comunidad est\u00e1 a salvo&#8221;, se\u00f1al\u00f3 Infante, recogi\u00f3 la cadena NBC. &#8220;Ahora estamos trabajando para intentar averiguar todo lo que ocurri\u00f3&#8221;, apunt\u00f3.<\/p>\n<p>El presidente Joe Biden est\u00e1 siguiendo lo ocurrido en Iowa, dijeron fuentes de la Casa Blanca a la cadena CNN, que apuntaron que el mandatario est\u00e1 en contacto con la oficina de la gobernadora Kim Reynolds.<\/p>\n","protected":false},"excerpt":{"rendered":"<p>Seg\u00fan fuentes de la polic\u00eda, el autor de los disparos era un estudiante del colegio secundario y muri\u00f3. El hecho se produjo poco antes del inicio de clases, por lo que hab\u00eda muy pocos estudiantes y profesores en el edificio &nbsp; &nbsp; Varias personas resultaron heridas de bala este jueves en un tiroteo en un colegio secundario en la ciudad estadounidense de Iowa, registrado por la ma\u00f1ana, poco antes del inicio de clases. &#8220;Por suerte hab\u00eda muy pocos estudiantes y profesores en el edificio&#8221;, declar\u00f3 en conferencia de prensa el&#8230;<\/p>\n","protected":false},"author":3,"featured_media":112845,"comment_status":"closed","ping_status":"closed","sticky":false,"template":"","format":"standard","meta":[],"categories":[4],"tags":[],"_links":{"self":[{"href":"https:\/\/www.actualidadadiario.com\/index.php\/wp-json\/wp\/v2\/posts\/112844"}],"collection":[{"href":"https:\/\/www.actualidadadiario.com\/index.php\/wp-json\/wp\/v2\/posts"}],"about":[{"href":"https:\/\/www.actualidadadiario.com\/index.php\/wp-json\/wp\/v2\/types\/post"}],"author":[{"embeddable":true,"href":"https:\/\/www.actualidadadiario.com\/index.php\/wp-json\/wp\/v2\/users\/3"}],"replies":[{"embeddable":true,"href":"https:\/\/www.actualidadadiario.com\/index.php\/wp-json\/wp\/v2\/comments?post=112844"}],"version-history":[{"count":1,"href":"https:\/\/www.actualidadadiario.com\/index.php\/wp-json\/wp\/v2\/posts\/112844\/revisions"}],"predecessor-version":[{"id":112846,"href":"https:\/\/www.actualidadadiario.com\/index.php\/wp-json\/wp\/v2\/posts\/112844\/revisions\/112846"}],"wp:featuredmedia":[{"embeddable":true,"href":"https:\/\/www.actualidadadiario.com\/index.php\/wp-json\/wp\/v2\/media\/112845"}],"wp:attachment":[{"href":"https:\/\/www.actualidadadiario.com\/index.php\/wp-json\/wp\/v2\/media?parent=112844"}],"wp:term":[{"taxonomy":"category","embeddable":true,"href":"https:\/\/www.actualidadadiario.com\/index.php\/wp-json\/wp\/v2\/categories?post=112844"},{"taxonomy":"post_tag","embeddable":true,"href":"https:\/\/www.actualidadadiario.com\/index.php\/wp-json\/wp\/v2\/tags?post=112844"}],"curies":[{"name":"wp","href":"https:\/\/api.w.org\/{rel}","templated":true}]}}