{"id":112839,"date":"2024-01-04T16:13:18","date_gmt":"2024-01-04T19:13:18","guid":{"rendered":"https:\/\/www.actualidadadiario.com\/?p=112839"},"modified":"2024-01-04T16:13:18","modified_gmt":"2024-01-04T19:13:18","slug":"el-tribunal-de-la-onu-abordara-la-demanda-por-genocidio-de-sudafrica-contra-israel","status":"publish","type":"post","link":"https:\/\/www.actualidadadiario.com\/index.php\/2024\/01\/04\/el-tribunal-de-la-onu-abordara-la-demanda-por-genocidio-de-sudafrica-contra-israel\/","title":{"rendered":"El Tribunal de la ONU abordar\u00e1 la demanda por &#8220;genocidio&#8221; de Sud\u00e1frica contra Israel"},"content":{"rendered":"<p style=\"text-align: center;\"><em><strong>Las audiencias se realizar\u00e1n el 11 de enero, cuando Sud\u00e1frica tiene el turno para presentar el caso, y el 12 de enero, momento de Israel para defender su posici\u00f3n<\/strong><\/em><\/p>\n<p>&nbsp;<\/p>\n<p>&nbsp;<\/p>\n<p>La Corte Internacional de Justicia (CIJ) anunci\u00f3 que la pr\u00f3xima semana celebrar\u00e1 las primeras audiencias sobre la demanda por &#8220;genocidio&#8221; de Sud\u00e1frica contra Israel por los ataques en la Franja de Gaza en el marco de la guerra contra el movimiento islamista palestino Hamas.<\/p>\n<p>El tribunal de la ONU, con sede en La Haya, detall\u00f3 que las audiencias tendr\u00e1n lugar el 11 de enero, cuando Sud\u00e1frica tiene el turno para presentar el caso, y el 12 de enero, momento de Israel para defender su posici\u00f3n, seg\u00fan reza un comunicado.<\/p>\n<p>El director general del Ministerio de Exteriores sudafricano, Zane Dangor, asegur\u00f3 que demostrar\u00e1 que &#8220;Israel tiene la intenci\u00f3n de cometer un genocidio&#8221; en Gaza, al afirmar que la solicitud de su Gobierno ante la CIJ fue una &#8220;decisi\u00f3n cuidadosamente considerada y respaldada&#8221;.<\/p>\n<p>&#8220;No podemos ver c\u00f3mo se desarrolla un genocidio y encontrar razones para no actuar&#8221;, declar\u00f3, al indicar que tiene la obligaci\u00f3n de garantizar que el derecho internacional se aplique en todos los Estados miembro de Naciones Unidas, seg\u00fan cita el portal de noticias local Eyewitness News.<\/p>\n<p>Las autoridades sudafricanas presentaron la semana pasada una solicitud a la CIJ para aplicar medidas provisionales, argumentando que Israel &#8220;ha participado, est\u00e1 participando y corre el riesgo de seguir cometiendo actos genocidas contra el pueblo palestino en Gaza&#8221;, y mostr\u00f3 su preocupaci\u00f3n &#8220;por la dif\u00edcil situaci\u00f3n de los civiles atrapados en los actuales ataques&#8221; en el enclave, consign\u00f3 la agencia de noticias Europa Press.<\/p>\n<p>&nbsp;<\/p>\n<p><strong>La respuesta de Israel<\/strong><\/p>\n<p>El vocero gubernamental israel\u00ed Eylon Levy acus\u00f3 el martes a Sud\u00e1frica de &#8220;dar cobertura pol\u00edtica y legal&#8221; a los ataques de Hamas en Israel del 7 de octubre, que dejaron unos 1.200 muertos, en su mayor\u00eda civiles, y desataron la ofensiva en Gaza.<\/p>\n<p>&#8220;Israel condena enf\u00e1ticamente la decisi\u00f3n de Sud\u00e1frica de hacer de abogado del diablo y de convertirse en c\u00f3mplice criminal de quienes cometieron la masacre del 7 de octubre\u201d, dijo Levy en conferencia de prensa.<\/p>\n<p>\u201cEl Estado de Israel comparecer\u00e1 ante la CIJ para rechazar este libelo de sangre de Sud\u00e1frica&#8221;, agreg\u00f3, inform\u00f3 el diario israel\u00ed Times of Israel.<\/p>\n<p>Estados Unidos, en tanto, critic\u00f3 el mi\u00e9rcoles a Sud\u00e1frica por su acusaci\u00f3n.<\/p>\n<p>&#8220;No creemos que sea un paso productivo&#8221;, dijo el portavoz del Departamento de Estado estadounidense, Matthew Miller, seg\u00fan reprodujo la agencia de noticias AFP.<\/p>\n<p>El conflicto se desencaden\u00f3 tras el ataque de Hamas en Israel, que incluyo adem\u00e1s el secuestro de unas 240 personas, incluyendo una veintena de argentinos.<\/p>\n<p>M\u00e1s de 22.400 palestinos murieron desde entonces en Gaza en bombardeos israel\u00edes, la mayor\u00eda de ellos mujeres y ni\u00f1os, seg\u00fan el Ministerio de Salud del enclave gobernado por Hamas.<\/p>\n","protected":false},"excerpt":{"rendered":"<p>Las audiencias se realizar\u00e1n el 11 de enero, cuando Sud\u00e1frica tiene el turno para presentar el caso, y el 12 de enero, momento de Israel para defender su posici\u00f3n &nbsp; &nbsp; La Corte Internacional de Justicia (CIJ) anunci\u00f3 que la pr\u00f3xima semana celebrar\u00e1 las primeras audiencias sobre la demanda por &#8220;genocidio&#8221; de Sud\u00e1frica contra Israel por los ataques en la Franja de Gaza en el marco de la guerra contra el movimiento islamista palestino Hamas. El tribunal de la ONU, con sede en La Haya, detall\u00f3 que las audiencias tendr\u00e1n&#8230;<\/p>\n","protected":false},"author":3,"featured_media":112765,"comment_status":"closed","ping_status":"closed","sticky":false,"template":"","format":"standard","meta":[],"categories":[4],"tags":[],"_links":{"self":[{"href":"https:\/\/www.actualidadadiario.com\/index.php\/wp-json\/wp\/v2\/posts\/112839"}],"collection":[{"href":"https:\/\/www.actualidadadiario.com\/index.php\/wp-json\/wp\/v2\/posts"}],"about":[{"href":"https:\/\/www.actualidadadiario.com\/index.php\/wp-json\/wp\/v2\/types\/post"}],"author":[{"embeddable":true,"href":"https:\/\/www.actualidadadiario.com\/index.php\/wp-json\/wp\/v2\/users\/3"}],"replies":[{"embeddable":true,"href":"https:\/\/www.actualidadadiario.com\/index.php\/wp-json\/wp\/v2\/comments?post=112839"}],"version-history":[{"count":1,"href":"https:\/\/www.actualidadadiario.com\/index.php\/wp-json\/wp\/v2\/posts\/112839\/revisions"}],"predecessor-version":[{"id":112840,"href":"https:\/\/www.actualidadadiario.com\/index.php\/wp-json\/wp\/v2\/posts\/112839\/revisions\/112840"}],"wp:featuredmedia":[{"embeddable":true,"href":"https:\/\/www.actualidadadiario.com\/index.php\/wp-json\/wp\/v2\/media\/112765"}],"wp:attachment":[{"href":"https:\/\/www.actualidadadiario.com\/index.php\/wp-json\/wp\/v2\/media?parent=112839"}],"wp:term":[{"taxonomy":"category","embeddable":true,"href":"https:\/\/www.actualidadadiario.com\/index.php\/wp-json\/wp\/v2\/categories?post=112839"},{"taxonomy":"post_tag","embeddable":true,"href":"https:\/\/www.actualidadadiario.com\/index.php\/wp-json\/wp\/v2\/tags?post=112839"}],"curies":[{"name":"wp","href":"https:\/\/api.w.org\/{rel}","templated":true}]}}