{"id":112827,"date":"2024-01-04T15:38:08","date_gmt":"2024-01-04T18:38:08","guid":{"rendered":"https:\/\/www.actualidadadiario.com\/?p=112827"},"modified":"2024-01-04T15:38:08","modified_gmt":"2024-01-04T18:38:08","slug":"escandalo-en-diputados-por-la-designacion-de-espert-en-la-comision-de-presupuesto","status":"publish","type":"post","link":"https:\/\/www.actualidadadiario.com\/index.php\/2024\/01\/04\/escandalo-en-diputados-por-la-designacion-de-espert-en-la-comision-de-presupuesto\/","title":{"rendered":"Esc\u00e1ndalo en Diputados por la designaci\u00f3n de Espert en la comisi\u00f3n de Presupuesto"},"content":{"rendered":"<p style=\"text-align: center;\"><em><strong>Legisladores de UxP consideran que el economista se autoproclam\u00f3 al frente de la comisi\u00f3n y que el oficialismo no respeta las pautas de la C\u00e1mara. &#8220;No hubo ni siquiera debate, se constituyeron en bloque como autoridades&#8221;, afirmaron<\/strong><\/em><\/p>\n<p>&nbsp;<\/p>\n<p>&nbsp;<\/p>\n<p>La C\u00e1mara de Diputados se re\u00fane este jueves para oficializar las comisiones que tratar\u00e1n la Ley \u00d3mnibus con la que Javier Milei pretende declarar la emergencia p\u00fablica para delegar las facultades legislativas en el Poder Ejecutivo por al menos dos a\u00f1os, entre otras medidas que barren con derechos hist\u00f3ricos y habilitan negocios a poderosos grupos empresarios. El diputado de Juntos por el Cambio (JxC) Jos\u00e9 Luis Espert se autoproclam\u00f3 presidente de la comisi\u00f3n de Presupuesto y Hacienda. Desde Uni\u00f3n por la Patria (UxP) denuncian que la conformaci\u00f3n de las comisiones no siguen las pautas reglamentarias de la C\u00e1mara.<\/p>\n<p>&#8220;No hubo ni siquiera debate. Fue sorprendente. Incluso se constituyeron en bloque como autoridades, ni siquiera pudimos votar las otras autoridades, ya que no solo hay un presidente en una comisi\u00f3n, sino tambi\u00e9n un vicepresidente y otros. No se pudieron constituir las autoridades como corresponde, siguiendo el reglamento. En esto creo que tambi\u00e9n es un espejo el Congreso de c\u00f3mo queremos que funcione el resto de la sociedad y del pa\u00eds&#8221;, dijo la diputada de UxP Julia Strada.<\/p>\n<p>Desde el Frente de Izquierda tambi\u00e9n repudiaron la autoproclamaci\u00f3n de Espert. El diputado Christian Castillo remarc\u00f3 que el aliado de Milei &#8220;no fue votado&#8221; y que lo impugnar\u00e1 porque &#8220;llam\u00f3 intimidantemente a c\u00e1rcel o bala contra la diputada Myriam Bregman y el diputado Nicol\u00e1s del Ca\u00f1o&#8221;.<\/p>\n<p>&#8220;No tiene la m\u00ednima propiedad (para presidir), siendo aparte un monobloque, con lo cual ni le corresponder\u00eda estar si se aplicara el sistema D&#8217;Hondt para las comisiones, pero adem\u00e1s es un diputado que llama a ejercer directamente la violencia sobre otros diputados&#8221;, afirm\u00f3.<\/p>\n<p>&nbsp;<\/p>\n<p><strong>&#8220;Bienvenido a las fuerzas del cielo&#8221;<\/strong><\/p>\n<p>Casi al instante de que Espert diera por terminada la pol\u00e9mica sesi\u00f3n, desde la cuenta de la Oficina del Presidente Electo emitieron un mensaje de manera casi instant\u00e1nea felicit\u00e1ndolo por su &#8220;designaci\u00f3n&#8221;. &#8220;El Presidente Javier Milei celebra que la C\u00e1mara Baja haya apoyado su propuesta y confirmado el nombramiento de un defensor de las ideas de la libertad y el equilibrio fiscal&#8221;, dice el texto. El mandatario hab\u00eda recibido en la Casa de Gobierno a quien fuera su aliado en las legislativas de 2021 y ambos salieron a saludar al balc\u00f3n.<\/p>\n<p>Minutos despu\u00e9s de la publicaci\u00f3n de la OPEArg, el Presidente comparti\u00f3 el texto y a\u00f1adi\u00f3: &#8220;PROFE BIENVENIDO A LAS FUERZAS DEL CIELO&#8230;!! VIVA LA LIBERTAD CARAJO&#8221;.<\/p>\n<p>&nbsp;<\/p>\n<p><strong>Qu\u00e9 comisiones se conforman<\/strong><\/p>\n<p>Las comisiones que se conforman hoy y que estar\u00e1n a cargo de tratar el proyecto de Ley \u00d3mnibus son: Asuntos Constitucionales, Legislaci\u00f3n General, Relaciones Exteriores y Culto y Presupuesto y Hacienda.<\/p>\n<p>Seg\u00fan explicaron las autoridades del cuerpo legislativo, la conformaci\u00f3n de cada comisi\u00f3n se bas\u00f3 en el art\u00edculo 105 del reglamento, que &#8220;dispone que la designaci\u00f3n de los diputados que integrar\u00e1n las comisiones permanentes o especiales se har\u00e1, en lo posible, en forma de que los sectores pol\u00edticos est\u00e9n representados en la misma proporci\u00f3n que en el seno de la C\u00e1mara&#8221;.<\/p>\n<p>&nbsp;<\/p>\n<p><strong>Uni\u00f3n por la Patria, el principal perjudicado<\/strong><\/p>\n<p>El gran perdedor, con ese criterio, es Uni\u00f3n por la Patria &#8211;un lugar menos en Presupuesto, otro menos en Legislaci\u00f3n General y dos menos en Asuntos Constitucionales&#8211;, que al comienzo de la sesi\u00f3n de esta tarde expres\u00f3 sus quejas a trav\u00e9s del titular de la bancada, Germ\u00e1n Mart\u00ednez.<\/p>\n<p>&#8220;Empezaron a constituir las comisiones informalmente con los otros bloques sin anoticiarnos a nosotros. Ayer a las 11:35 de la ma\u00f1ana nos ingres\u00f3 formalmente el pedido para constituir las comisiones. Resolvieron unilateralmente y se sientan ac\u00e1 y parece que no hubiera pasado nada. Lo que no quiero es que la discrecionalidad que est\u00e1 rondando la Casa Rosada se instale en el Congreso argentino y m\u00e1s espec\u00edficamente en la C\u00e1mara de Diputados&#8221;, denunci\u00f3 Mart\u00ednez.<\/p>\n<p>La conformaci\u00f3n que se oficializar\u00e1 esta tarde rompe el acuerdo al que Mart\u00ednez hab\u00eda llegado con el presidente de la C\u00e1mara, Mart\u00edn Menem, en la sesi\u00f3n preparatoria de hace tres semanas: ahora, los lugares en las comisiones no ser\u00e1n por D&#8217;Hondt como se hab\u00eda pautado sino de acuerdo a un sistema de proporcionalidad que hab\u00eda decidi\u00f3 Menem y que, en la pr\u00e1ctica, perjudica al peronismo.<\/p>\n","protected":false},"excerpt":{"rendered":"<p>Legisladores de UxP consideran que el economista se autoproclam\u00f3 al frente de la comisi\u00f3n y que el oficialismo no respeta las pautas de la C\u00e1mara. &#8220;No hubo ni siquiera debate, se constituyeron en bloque como autoridades&#8221;, afirmaron &nbsp; &nbsp; La C\u00e1mara de Diputados se re\u00fane este jueves para oficializar las comisiones que tratar\u00e1n la Ley \u00d3mnibus con la que Javier Milei pretende declarar la emergencia p\u00fablica para delegar las facultades legislativas en el Poder Ejecutivo por al menos dos a\u00f1os, entre otras medidas que barren con derechos hist\u00f3ricos y habilitan&#8230;<\/p>\n","protected":false},"author":3,"featured_media":112828,"comment_status":"closed","ping_status":"closed","sticky":false,"template":"","format":"standard","meta":[],"categories":[18],"tags":[],"_links":{"self":[{"href":"https:\/\/www.actualidadadiario.com\/index.php\/wp-json\/wp\/v2\/posts\/112827"}],"collection":[{"href":"https:\/\/www.actualidadadiario.com\/index.php\/wp-json\/wp\/v2\/posts"}],"about":[{"href":"https:\/\/www.actualidadadiario.com\/index.php\/wp-json\/wp\/v2\/types\/post"}],"author":[{"embeddable":true,"href":"https:\/\/www.actualidadadiario.com\/index.php\/wp-json\/wp\/v2\/users\/3"}],"replies":[{"embeddable":true,"href":"https:\/\/www.actualidadadiario.com\/index.php\/wp-json\/wp\/v2\/comments?post=112827"}],"version-history":[{"count":1,"href":"https:\/\/www.actualidadadiario.com\/index.php\/wp-json\/wp\/v2\/posts\/112827\/revisions"}],"predecessor-version":[{"id":112829,"href":"https:\/\/www.actualidadadiario.com\/index.php\/wp-json\/wp\/v2\/posts\/112827\/revisions\/112829"}],"wp:featuredmedia":[{"embeddable":true,"href":"https:\/\/www.actualidadadiario.com\/index.php\/wp-json\/wp\/v2\/media\/112828"}],"wp:attachment":[{"href":"https:\/\/www.actualidadadiario.com\/index.php\/wp-json\/wp\/v2\/media?parent=112827"}],"wp:term":[{"taxonomy":"category","embeddable":true,"href":"https:\/\/www.actualidadadiario.com\/index.php\/wp-json\/wp\/v2\/categories?post=112827"},{"taxonomy":"post_tag","embeddable":true,"href":"https:\/\/www.actualidadadiario.com\/index.php\/wp-json\/wp\/v2\/tags?post=112827"}],"curies":[{"name":"wp","href":"https:\/\/api.w.org\/{rel}","templated":true}]}}