{"id":112825,"date":"2024-01-04T15:36:48","date_gmt":"2024-01-04T18:36:48","guid":{"rendered":"https:\/\/www.actualidadadiario.com\/?p=112825"},"modified":"2024-01-04T15:36:48","modified_gmt":"2024-01-04T18:36:48","slug":"milei-viaja-a-la-antartida-con-un-nutrido-cronograma-de-actividades","status":"publish","type":"post","link":"https:\/\/www.actualidadadiario.com\/index.php\/2024\/01\/04\/milei-viaja-a-la-antartida-con-un-nutrido-cronograma-de-actividades\/","title":{"rendered":"Milei viaja a la Ant\u00e1rtida con un nutrido cronograma de actividades"},"content":{"rendered":"<p style=\"text-align: center;\"><em><strong>Aguardar\u00e1 en la Patagonia una ventana clim\u00e1tica favorable que le permita emprender vuelo al continente blanco. El presidente dar\u00eda inicio al programa para el control de la contaminaci\u00f3n impulsado por la OIEA, entre otras actividades<\/strong><\/em><\/p>\n<p>&nbsp;<\/p>\n<p>&nbsp;<\/p>\n<p>El presidente Javier Milei viajar\u00e1 el viernes a Santa Cruz para all\u00ed aguardar una ventana clim\u00e1tica favorable que le permita emprender el vuelo que lo deposite en la Ant\u00e1rtida, lugar en el que desarrollar\u00e1 un &#8220;cronograma extenso de actividades&#8221;.<\/p>\n<p>Fuentes oficiales confirmaron que el jefe de Estado se trasladar\u00e1 a R\u00edo Gallegos en avi\u00f3n un avi\u00f3n militar y con una comitiva reducida, compuesta por la canciller Diana Mondino y por el ministro de Defensa, Luis Petri.<\/p>\n<p>Milei pasar\u00e1 la noche en la capital santacruce\u00f1a y deber\u00e1 esperarse la confirmaci\u00f3n de una meteorolog\u00eda positiva que permita realizar el vuelo para llegar hasta la pen\u00ednsula ant\u00e1rtica el s\u00e1bado a la ma\u00f1ana.<\/p>\n<p>&#8220;El d\u00eda de ma\u00f1ana a las 17 horas estar\u00e1 partiendo a la Ciudad de Rio Gallegos y el d\u00eda siguiente a primera horas partir\u00e1 hacia la Ant\u00e1rtida. El regreso ser\u00e1 a la aeroestaci\u00f3n de Aeroparque, el s\u00e1bado a las 22.30&#8221;, coment\u00f3 el portavoz presidencial Manuel Adorni.<\/p>\n<p>Seg\u00fan se\u00f1alaron fuentes de la presidencia, est\u00e1 planificado que el Jefe de Estado arribe a la base Marambio y que visite la base Esperanza, conocida por ser el espacio en el que las dotaciones viven con sus familias y lugar donde funciona una escuela a la que asisten los chicos que viven durante todo un a\u00f1o en el continente blanco.<\/p>\n<p>&nbsp;<\/p>\n<p><strong>El programa de la OIEA<\/strong><\/p>\n<p>Seg\u00fan se inform\u00f3, el presidente dar\u00eda inicio formal a un programa para el control de la contaminaci\u00f3n impulsado por el Organismo Internacional de Energ\u00eda At\u00f3mica (OIEA) que conduce el argentino Rafael Grossi, quien se sumar\u00e1 a la ceremonia.<\/p>\n<p>En declaraciones radiales, Grossi explic\u00f3 que el objetivo del programa es &#8220;la identificaci\u00f3n de la cantidad de micropl\u00e1sticos o nanopl\u00e1sticos que hay en el agua&#8221; del lugar.<\/p>\n<p>&#8220;Uno de los grandes problemas ambientales que hay en el mundo es la contaminaci\u00f3n por pl\u00e1stico y nunca se hizo la investigaci\u00f3n en la Ant\u00e1rtida. Tuve la iniciativa hace algunos a\u00f1os de proponerle a la Argentina de unir esfuerzos para hacer una misi\u00f3n cient\u00edfica&#8221;, dijo.<\/p>\n<p>Grossi se reuni\u00f3 esta semana con el presidente Milei: &#8220;Le coment\u00e9 por esta investigaci\u00f3n cient\u00edfica, mostr\u00f3 inter\u00e9s y decidi\u00f3 unirse a nosotros&#8221;, a\u00f1adi\u00f3.<\/p>\n","protected":false},"excerpt":{"rendered":"<p>Aguardar\u00e1 en la Patagonia una ventana clim\u00e1tica favorable que le permita emprender vuelo al continente blanco. El presidente dar\u00eda inicio al programa para el control de la contaminaci\u00f3n impulsado por la OIEA, entre otras actividades &nbsp; &nbsp; El presidente Javier Milei viajar\u00e1 el viernes a Santa Cruz para all\u00ed aguardar una ventana clim\u00e1tica favorable que le permita emprender el vuelo que lo deposite en la Ant\u00e1rtida, lugar en el que desarrollar\u00e1 un &#8220;cronograma extenso de actividades&#8221;. Fuentes oficiales confirmaron que el jefe de Estado se trasladar\u00e1 a R\u00edo Gallegos en&#8230;<\/p>\n","protected":false},"author":3,"featured_media":97859,"comment_status":"closed","ping_status":"closed","sticky":false,"template":"","format":"standard","meta":[],"categories":[18],"tags":[],"_links":{"self":[{"href":"https:\/\/www.actualidadadiario.com\/index.php\/wp-json\/wp\/v2\/posts\/112825"}],"collection":[{"href":"https:\/\/www.actualidadadiario.com\/index.php\/wp-json\/wp\/v2\/posts"}],"about":[{"href":"https:\/\/www.actualidadadiario.com\/index.php\/wp-json\/wp\/v2\/types\/post"}],"author":[{"embeddable":true,"href":"https:\/\/www.actualidadadiario.com\/index.php\/wp-json\/wp\/v2\/users\/3"}],"replies":[{"embeddable":true,"href":"https:\/\/www.actualidadadiario.com\/index.php\/wp-json\/wp\/v2\/comments?post=112825"}],"version-history":[{"count":1,"href":"https:\/\/www.actualidadadiario.com\/index.php\/wp-json\/wp\/v2\/posts\/112825\/revisions"}],"predecessor-version":[{"id":112826,"href":"https:\/\/www.actualidadadiario.com\/index.php\/wp-json\/wp\/v2\/posts\/112825\/revisions\/112826"}],"wp:featuredmedia":[{"embeddable":true,"href":"https:\/\/www.actualidadadiario.com\/index.php\/wp-json\/wp\/v2\/media\/97859"}],"wp:attachment":[{"href":"https:\/\/www.actualidadadiario.com\/index.php\/wp-json\/wp\/v2\/media?parent=112825"}],"wp:term":[{"taxonomy":"category","embeddable":true,"href":"https:\/\/www.actualidadadiario.com\/index.php\/wp-json\/wp\/v2\/categories?post=112825"},{"taxonomy":"post_tag","embeddable":true,"href":"https:\/\/www.actualidadadiario.com\/index.php\/wp-json\/wp\/v2\/tags?post=112825"}],"curies":[{"name":"wp","href":"https:\/\/api.w.org\/{rel}","templated":true}]}}