{"id":112822,"date":"2024-01-04T15:36:04","date_gmt":"2024-01-04T18:36:04","guid":{"rendered":"https:\/\/www.actualidadadiario.com\/?p=112822"},"modified":"2024-01-04T15:36:04","modified_gmt":"2024-01-04T18:36:04","slug":"finalmente-caputo-y-posse-se-reuniran-con-el-equipo-tecnico-del-fmi-este-viernes","status":"publish","type":"post","link":"https:\/\/www.actualidadadiario.com\/index.php\/2024\/01\/04\/finalmente-caputo-y-posse-se-reuniran-con-el-equipo-tecnico-del-fmi-este-viernes\/","title":{"rendered":"Finalmente Caputo y Posse se reunir\u00e1n con el equipo t\u00e9cnico del FMI este viernes"},"content":{"rendered":"<p style=\"text-align: center;\"><em><strong>El ministro de Econom\u00eda y el jefe de Gabinete de Milei se reunir\u00e1n con directivos del organismo multilateral este viernes y, seg\u00fan adelant\u00f3 el vocero presidencial, la agenda contempla &#8220;diferentes reuniones de los equipos t\u00e9cnicos&#8221;<\/strong><\/em><\/p>\n<p>&nbsp;<\/p>\n<p>&nbsp;<\/p>\n<p>El gobierno de Javier Milei recibir\u00e1 a la misi\u00f3n t\u00e9cnica del FMI con &#8220;un plan para estabilizar la econom\u00eda&#8221; finalmente el viernes a trav\u00e9s del cual buscar\u00e1 avanzar en la renegociaci\u00f3n del acuerdo que la administraci\u00f3n de Alberto Fern\u00e1ndez suscribi\u00f3 con el organismo multilateral.<\/p>\n<p>El vocero presidencial, Manuel Adorni, dijo en Casa Rosada que el Gobierno lleva adelante &#8220;un plan para estabilizar&#8221; la econom\u00eda, por lo que en las reuniones con la comitiva del FMI el Gobierno no deber\u00eda &#8220;tener absolutamente ninguna diferencia&#8221;. &#8220;Entiendo que al menos basado en los acuerdos anteriores, no deber\u00edamos tener absolutamente ninguna diferencia con el Fondo, en virtud de que tenemos un plan muy claro en materia fiscal&#8221;, subray\u00f3 Adorni en su habitual rueda de prensa.<\/p>\n<p>M\u00e1s tarde, Adorni precis\u00f3 que la reuni\u00f3n con el equipo t\u00e9cnico del FMI se realizar\u00e1 el viernes y no este jueves, como trascendi\u00f3 inicialmente.<\/p>\n<p>&#8220;La reuni\u00f3n del gobierno con el FMI se realizar\u00e1 el d\u00eda viernes. Luis Cubeddu y Ashvin Ahuja en representaci\u00f3n del organismo se reunir\u00e1n con el ministro de Econom\u00eda, Luis Caputo; el jefe de Gabinete, Nicol\u00e1s Posse; y autoridades del Banco Central&#8221;, se\u00f1al\u00f3 Adorni a trav\u00e9s de su cuenta en la red social X (ex Twitter).<\/p>\n<p>El vocero presidencial adelant\u00f3 que m\u00e1s all\u00e1 del encuentro con Caputo y Posse, la agenda que desarrollar\u00e1n los directivos del organismo multilateral contempla tambi\u00e9n &#8220;diferentes reuniones de los equipos t\u00e9cnicos&#8221;.<\/p>\n<p>Este martes se confirm\u00f3 que una nueva misi\u00f3n t\u00e9cnica del FMI llegar\u00e1 al pa\u00eds para renegociar el acuerdo alcanzado con la anterior gesti\u00f3n por el pago de una deuda estimada en alrededor de 45.000 millones de d\u00f3lares, entendimiento que se considera &#8220;virtualmente ca\u00eddo&#8221;.<\/p>\n<p>Adorni sostuvo que el objetivo de la visita es renegociar el acuerdo que el FMI suscribi\u00f3 con la anterior administraci\u00f3n y que est\u00e1 &#8220;virtualmente ca\u00eddo&#8221; debido a que el pa\u00eds &#8220;no cumpli\u00f3&#8221; las condiciones acordadas.<\/p>\n<p>El equipo t\u00e9cnico encabezado por Luis Cubeddu y Ashvin Ahuja arribar\u00e1 a la Argentina, seg\u00fan el FMI, con el objetivo de continuar las negociaciones sobre la s\u00e9ptima revisi\u00f3n del programa acordado por el organismo con la anterior administraci\u00f3n.<\/p>\n<p>&#8220;Nuestro objetivo sigue siendo apoyar los esfuerzos en curso para restablecer la estabilidad macroecon\u00f3mica en beneficio de Argentina y su gente. Tambi\u00e9n podemos confirmar que las autoridades han ejercido su derecho como miembro del FMI de agrupar las recompras que vencen en enero y abonarlas a finales de mes&#8221;, se\u00f1al\u00f3 un portavoz del organismo.<\/p>\n","protected":false},"excerpt":{"rendered":"<p>El ministro de Econom\u00eda y el jefe de Gabinete de Milei se reunir\u00e1n con directivos del organismo multilateral este viernes y, seg\u00fan adelant\u00f3 el vocero presidencial, la agenda contempla &#8220;diferentes reuniones de los equipos t\u00e9cnicos&#8221; &nbsp; &nbsp; El gobierno de Javier Milei recibir\u00e1 a la misi\u00f3n t\u00e9cnica del FMI con &#8220;un plan para estabilizar la econom\u00eda&#8221; finalmente el viernes a trav\u00e9s del cual buscar\u00e1 avanzar en la renegociaci\u00f3n del acuerdo que la administraci\u00f3n de Alberto Fern\u00e1ndez suscribi\u00f3 con el organismo multilateral. El vocero presidencial, Manuel Adorni, dijo en Casa Rosada&#8230;<\/p>\n","protected":false},"author":3,"featured_media":112823,"comment_status":"closed","ping_status":"closed","sticky":false,"template":"","format":"standard","meta":[],"categories":[18],"tags":[],"_links":{"self":[{"href":"https:\/\/www.actualidadadiario.com\/index.php\/wp-json\/wp\/v2\/posts\/112822"}],"collection":[{"href":"https:\/\/www.actualidadadiario.com\/index.php\/wp-json\/wp\/v2\/posts"}],"about":[{"href":"https:\/\/www.actualidadadiario.com\/index.php\/wp-json\/wp\/v2\/types\/post"}],"author":[{"embeddable":true,"href":"https:\/\/www.actualidadadiario.com\/index.php\/wp-json\/wp\/v2\/users\/3"}],"replies":[{"embeddable":true,"href":"https:\/\/www.actualidadadiario.com\/index.php\/wp-json\/wp\/v2\/comments?post=112822"}],"version-history":[{"count":1,"href":"https:\/\/www.actualidadadiario.com\/index.php\/wp-json\/wp\/v2\/posts\/112822\/revisions"}],"predecessor-version":[{"id":112824,"href":"https:\/\/www.actualidadadiario.com\/index.php\/wp-json\/wp\/v2\/posts\/112822\/revisions\/112824"}],"wp:featuredmedia":[{"embeddable":true,"href":"https:\/\/www.actualidadadiario.com\/index.php\/wp-json\/wp\/v2\/media\/112823"}],"wp:attachment":[{"href":"https:\/\/www.actualidadadiario.com\/index.php\/wp-json\/wp\/v2\/media?parent=112822"}],"wp:term":[{"taxonomy":"category","embeddable":true,"href":"https:\/\/www.actualidadadiario.com\/index.php\/wp-json\/wp\/v2\/categories?post=112822"},{"taxonomy":"post_tag","embeddable":true,"href":"https:\/\/www.actualidadadiario.com\/index.php\/wp-json\/wp\/v2\/tags?post=112822"}],"curies":[{"name":"wp","href":"https:\/\/api.w.org\/{rel}","templated":true}]}}