{"id":112820,"date":"2024-01-04T15:34:52","date_gmt":"2024-01-04T18:34:52","guid":{"rendered":"https:\/\/www.actualidadadiario.com\/?p=112820"},"modified":"2024-01-04T15:34:52","modified_gmt":"2024-01-04T18:34:52","slug":"los-gremios-del-transporte-se-sumaron-con-un-paro-a-la-huelga-del-24-de-la-cgt","status":"publish","type":"post","link":"https:\/\/www.actualidadadiario.com\/index.php\/2024\/01\/04\/los-gremios-del-transporte-se-sumaron-con-un-paro-a-la-huelga-del-24-de-la-cgt\/","title":{"rendered":"Los gremios del transporte se sumaron con un paro a la huelga del 24 de la CGT"},"content":{"rendered":"<p style=\"text-align: center;\"><em><strong>&#8220;Estamos cansados de ser el pato de la boda. Los trabajadores somos la soluci\u00f3n, no el problema&#8221;, asegur\u00f3 Roberto Fern\u00e1ndez, de la UTA. La Confederaci\u00f3n Argentina de Trabajadores del Transporte abri\u00f3 la posibilidad de mantener disponible ese d\u00eda un 30 por ciento del servicio de transporte p\u00fablico para que los trabajadores participen de la protesta contra el DNU del Gobierno<\/strong><\/em><\/p>\n<p>&nbsp;<\/p>\n<p>&nbsp;<\/p>\n<p>La gremios que conforman la Confederaci\u00f3n Argentina de Trabajadores del Transporte (CATT) anunciaron este jueves que el 24 de enero pr\u00f3ximo paralizar\u00e1n el servicio de colectivos y trenes en todo el pa\u00eds para adherir a la huelga que llevar\u00e1 a cabo ese d\u00eda la Confederaci\u00f3n General del Trabajo (CGT) en rechazo a las reformas econ\u00f3micas y laborales que anunci\u00f3 el presidente Javier Milei por medio de un DNU, informaron fuentes sindicales.<\/p>\n<p>&#8220;La reuni\u00f3n del Consejo Directivo de la CATT, que dirige Sergio Sasia, resolvi\u00f3 adherir al paro propuesto por la CGT&#8221;, inform\u00f3 en un comunicado Roberto Fern\u00e1ndez, secretario general de la Uni\u00f3n Tranviarios Automotor (UTA), uno de los gremios que integran la CATT.<\/p>\n<p>La Confederaci\u00f3n, adem\u00e1s, abri\u00f3 la posibilidad de mantener disponible ese d\u00eda un 30 por ciento del servicio de transporte p\u00fablico para que los trabajadores participen de la protesta anunciada por la central obrera frente al Congreso nacional.<\/p>\n<p>&#8220;Estamos cansados de ser el pato de la boda. Los trabajadores somos la soluci\u00f3n, no el problema. Los trabajadores de la actividad del transporte de colectivos de pasajeros estamos en estado de shock viendo el abandono por parte de autoridades nacionales y provinciales&#8221;, destac\u00f3 Fern\u00e1ndez.<\/p>\n<p>Adem\u00e1s de adherir a la medida de fuerza anunciada por para el 24 de enero, la CATT defini\u00f3 realizar el d\u00eda 17 de este mes un plenario nacional que tendr\u00e1 la participaci\u00f3n de las delegaciones regionales.<\/p>\n<p>Al finalizar ese encuentro, se llevar\u00e1 a cabo una conferencia de prensa para explicar la postura de los gremios que representan a los trabajadores del transporte mar\u00edtimo, terrestre y a\u00e9reo.<\/p>\n<p>El Comit\u00e9 Central Confederal (CCC) de la CGT decidi\u00f3 hace una semana concretar un paro general nacional a partir de las 12 del 24 de enero, que incluir\u00e1 una movilizaci\u00f3n al Congreso, en rechazo al decreto de necesidad y urgencia (DNU) de desregulaci\u00f3n econ\u00f3mica dictado por el presidente Javier Milei.<\/p>\n<p>Adem\u00e1s, el CCC aprob\u00f3 la realizaci\u00f3n el 10 de enero pr\u00f3ximo de un plenario de delegaciones regionales en el Sal\u00f3n Felipe Vallese de la sede sindical, ubicada en la calle Azopardo al 800.<\/p>\n","protected":false},"excerpt":{"rendered":"<p>&#8220;Estamos cansados de ser el pato de la boda. Los trabajadores somos la soluci\u00f3n, no el problema&#8221;, asegur\u00f3 Roberto Fern\u00e1ndez, de la UTA. La Confederaci\u00f3n Argentina de Trabajadores del Transporte abri\u00f3 la posibilidad de mantener disponible ese d\u00eda un 30 por ciento del servicio de transporte p\u00fablico para que los trabajadores participen de la protesta contra el DNU del Gobierno &nbsp; &nbsp; La gremios que conforman la Confederaci\u00f3n Argentina de Trabajadores del Transporte (CATT) anunciaron este jueves que el 24 de enero pr\u00f3ximo paralizar\u00e1n el servicio de colectivos y trenes&#8230;<\/p>\n","protected":false},"author":3,"featured_media":102292,"comment_status":"closed","ping_status":"closed","sticky":false,"template":"","format":"standard","meta":[],"categories":[18],"tags":[],"_links":{"self":[{"href":"https:\/\/www.actualidadadiario.com\/index.php\/wp-json\/wp\/v2\/posts\/112820"}],"collection":[{"href":"https:\/\/www.actualidadadiario.com\/index.php\/wp-json\/wp\/v2\/posts"}],"about":[{"href":"https:\/\/www.actualidadadiario.com\/index.php\/wp-json\/wp\/v2\/types\/post"}],"author":[{"embeddable":true,"href":"https:\/\/www.actualidadadiario.com\/index.php\/wp-json\/wp\/v2\/users\/3"}],"replies":[{"embeddable":true,"href":"https:\/\/www.actualidadadiario.com\/index.php\/wp-json\/wp\/v2\/comments?post=112820"}],"version-history":[{"count":1,"href":"https:\/\/www.actualidadadiario.com\/index.php\/wp-json\/wp\/v2\/posts\/112820\/revisions"}],"predecessor-version":[{"id":112821,"href":"https:\/\/www.actualidadadiario.com\/index.php\/wp-json\/wp\/v2\/posts\/112820\/revisions\/112821"}],"wp:featuredmedia":[{"embeddable":true,"href":"https:\/\/www.actualidadadiario.com\/index.php\/wp-json\/wp\/v2\/media\/102292"}],"wp:attachment":[{"href":"https:\/\/www.actualidadadiario.com\/index.php\/wp-json\/wp\/v2\/media?parent=112820"}],"wp:term":[{"taxonomy":"category","embeddable":true,"href":"https:\/\/www.actualidadadiario.com\/index.php\/wp-json\/wp\/v2\/categories?post=112820"},{"taxonomy":"post_tag","embeddable":true,"href":"https:\/\/www.actualidadadiario.com\/index.php\/wp-json\/wp\/v2\/tags?post=112820"}],"curies":[{"name":"wp","href":"https:\/\/api.w.org\/{rel}","templated":true}]}}