{"id":112817,"date":"2024-01-04T15:33:53","date_gmt":"2024-01-04T18:33:53","guid":{"rendered":"https:\/\/www.actualidadadiario.com\/?p=112817"},"modified":"2024-01-04T15:33:53","modified_gmt":"2024-01-04T18:33:53","slug":"ley-omnibus-gobernadores-de-jxc-anuncian-frente-comun-legislativo","status":"publish","type":"post","link":"https:\/\/www.actualidadadiario.com\/index.php\/2024\/01\/04\/ley-omnibus-gobernadores-de-jxc-anuncian-frente-comun-legislativo\/","title":{"rendered":"Ley \u00f3mnibus: gobernadores de JxC anuncian frente com\u00fan legislativo"},"content":{"rendered":"<p style=\"text-align: center;\"><em><strong>En menos de un mes, Juntos por el Cambio tom\u00f3 distintas formas en el Congreso. Frente a la Ley \u00d3mnibus, podr\u00edan asemejarse a su alianza de origen<\/strong><\/em><\/p>\n<p>&nbsp;<\/p>\n<p>&nbsp;<\/p>\n<p>Mientras las fragmentaciones en la C\u00e1mara de Diputados llevaron a Juntos por el Cambio a subdividirse en tres bloques (el PRO, la UCR y Hacemos Coalici\u00f3n Federal), los gobernadores de la alianza contin\u00faan sosteniendo una agenda en com\u00fan en conjunto con el Senado. En ese marco, Rogelio Frigerio asegur\u00f3 que los legisladores alineados a los mandatarios conformar\u00e1n un frente com\u00fan en el Congreso para tratar la Ley \u00d3mnibus.<\/p>\n<p>&#8220;Entendemos la necesidad de estar unidos y hacer un frente com\u00fan&#8221;, afirm\u00f3 el gobernador de Entre R\u00edos en una conferencia de prensa en su provincia, donde tambi\u00e9n indic\u00f3 que buscar\u00e1 constituir una agenda de debates de la zona Centro y Litoral del pa\u00eds para &#8220;impulsar las demandas y particularidades que nos unen&#8221;.<\/p>\n<p>A su vez manifest\u00f3 que el contexto econ\u00f3mico obliga a los gobernadores a &#8220;destrabar transferencias que no se estaban generando&#8221; y &#8220;defender cada centavo que corresponda&#8221;. En ese sentido, asegur\u00f3 que tanto \u00e9l como sus pares buscar\u00e1n que las econom\u00edas regionales &#8220;no vuelvan a sufrir una imposici\u00f3n de retenciones&#8221;, esquema establecido en el proyecto de Javier Milei. Adem\u00e1s de Frigerio, los gobernadores de Juntos por el Cambio son Alfredo Cornejo (Mendoza), Gustavo Vald\u00e9s (Corrientes), Ignacio Torres (Chubut), Carlos Sadir (Jujuy), Leandro Zdero (Chaco), Marcelo Orrego (San Juan), Jorge Macri (CABA), Maximiliano Pullaro (Santa Fe) y Claudio Poggi (San Luis).<\/p>\n<p>De darse as\u00ed, y contemplando la improbabilidad de que otros diputados del radicalismo o del PRO voten distinto a sus compa\u00f1eros de bancada, se reconstituir\u00eda la centralidad del vigor legislativo de Juntos por el Cambio junto en su momento de mayor fragmentaci\u00f3n: la Coalici\u00f3n C\u00edvica y Cambio Federal se alinearon con otro bloque y las tensiones internas en el PRO pronosticaban una nueva ruptura. Se conformar\u00edan como segunda minor\u00eda (con 71 votos, detr\u00e1s de los 102 de Uni\u00f3n por la Patria) y abren un panorama optimista para el oficialismo, que de sumar el respaldo de esta coalici\u00f3n estar\u00eda a solo 11 acompa\u00f1amientos del qu\u00f3rum, con el que ya contar\u00eda en el Senado.<\/p>\n<p>&nbsp;<\/p>\n<p><strong>Javier Milei a sus diputados: &#8220;Necesito esta ley aprobada antes de 31 de enero&#8221;<\/strong><\/p>\n<p>&#8220;P\u00f3nganse a trabajar, necesito la ley aprobada antes del 31 enero&#8221;. Javier Milei recibi\u00f3 a los diputados nacionales de La Libertad Avanza en Casa Rosada para pedirles que apuren el debate de la ley \u00f3mnibus con m\u00e1s de 600 art\u00edculos que declara la emergencia econ\u00f3mica, social, fiscal, tarifaria, administrativa, sanitaria y previsional con delegaciones legislativas en esas materias adem\u00e1s de avanzar en el proceso de privatizaciones, modificar al c\u00e1lculo de las jubilaciones, regular la protesta social y aplicar una amplia reforma de los C\u00f3digos Civil y Penal de la Naci\u00f3n, entre otras cuestiones.<\/p>\n<p>El Presidente recibi\u00f3 a los diputados nacionales de La Libertad Avanza encabezados por el jefe de bloque, Oscar Zago. La convocatoria lleg\u00f3 de madrugada, luego de la reuni\u00f3n que los legisladores nacionales hab\u00edan mantenido en Diputados con la Ministra de Desarrollo Humano, Sandra Pettovello y con el Secretario de Desarrollo Social, Pablo de la Torre.<\/p>\n<p>En la reuni\u00f3n con los diputados, Milei destac\u00f3 la recepci\u00f3n positiva que tuvo el env\u00edo de la Ley \u00d3mnibus de parte de los mercados y tambi\u00e9n de organismos internacionales de cr\u00e9dito como el FMI, que ma\u00f1ana tendr\u00e1 a una misi\u00f3n en el pa\u00eds para renegociar el acuerdo por la deuda de u$s45.000 millones contra\u00eddas en la gesti\u00f3n de Mauricio Macri.<\/p>\n<p>El c\u00e1lculo libertario es que el mi\u00e9rcoles 24 o jueves 25 se podria celebrar una sesi\u00f3n especial para votar el proyecto, lo que coincide con la fecha anunciada por la CGT para el paro nacional. Milei le advirti\u00f3 adem\u00e1s a los diputados nacionales que no hay margen para desguazar la Ley \u00d3mnibus en distintos mini proyectos para facilitar su aprobaci\u00f3n parcial.<\/p>\n<p>&nbsp;<\/p>\n<p><strong>Diputados: c\u00f3mo est\u00e1n compuestos los bloques<\/strong><\/p>\n<p>Los bloques de la C\u00e1mara de Diputados han sufrido distintas divisiones y alianzas en el \u00faltimo mes, que generaron un escenario de fragmentaciones que puede ser interpretado de dos maneras: Uni\u00f3n por la Patria es con gran diferencia la bancada mayoritaria y se conforma como una f\u00e9rrea oposici\u00f3n, pero los anuncios de la dirigencia de La Libertad Avanza desestructur\u00f3 coaliciones que antes de sus rupturas se expresaban tajantemente en contra y hoy est\u00e1n dispuestas a negociar.<\/p>\n<p>Luego de un acuerdo con diputados salte\u00f1os que responden al ex legislador Alfredo Olmedo, la bancada libertaria es la segunda minor\u00eda. En un recinto compuesto por 257 diputados, se precisan 129 votos para obtener mayor\u00eda: el oficialismo contar\u00eda con el acompa\u00f1amiento de antemano del PRO, Avanza Libertad (Espert) y Buenos Aires Libre (liderado por P\u00edparo). Con 78 votos, a\u00fan precisar\u00eda acordar con la Uni\u00f3n C\u00edvica Radical y Hacemos Coalici\u00f3n Federal -o al menos con parte de esos bloques- para alcanzar la cifra de aprobaci\u00f3n. Sin el respaldo de alguno de esos dos sectores, no puede avanzar con ning\u00fan proyecto.<\/p>\n<p>&nbsp;<\/p>\n<p><strong>Los bloques de Diputados son:<\/strong><\/p>\n<ul>\n<li>Uni\u00f3n por la Patria: 102 diputados.<\/li>\n<li>La Libertad Avanza: 38 diputados.<\/li>\n<li>PRO: 37 diputados.<\/li>\n<li>Uni\u00f3n C\u00edvica Radical: 34 diputados.<\/li>\n<li>Hacemos Coalici\u00f3n Federal: 23 diputados. El bloque m\u00e1s reciente, compuesto por diputados de Cambia Federal (desprendidos de Juntos por el Cambio), Coalici\u00f3n C\u00edvica y Hacemos por \u2022Nuestro Pa\u00eds (muchos de ellos responden a Juan Schiaretti).<\/li>\n<li>Innovaci\u00f3n Federal: 9 diputados.<\/li>\n<li>Frente de Izquierda: 5 diputados.<\/li>\n<li>Por Santa Cruz: 2 diputados.<\/li>\n<li>Producci\u00f3n y Trabajo (San Juan): 2 diputados.<\/li>\n<li>Buenos Aires Libre: 2 diputadas.<\/li>\n<li>Avanza Libertad: 1 diputado.<\/li>\n<li>Creo: 1 diputada.<\/li>\n<li>La Uni\u00f3n Mendocina: 1 diputado.<\/li>\n<\/ul>\n","protected":false},"excerpt":{"rendered":"<p>En menos de un mes, Juntos por el Cambio tom\u00f3 distintas formas en el Congreso. Frente a la Ley \u00d3mnibus, podr\u00edan asemejarse a su alianza de origen &nbsp; &nbsp; Mientras las fragmentaciones en la C\u00e1mara de Diputados llevaron a Juntos por el Cambio a subdividirse en tres bloques (el PRO, la UCR y Hacemos Coalici\u00f3n Federal), los gobernadores de la alianza contin\u00faan sosteniendo una agenda en com\u00fan en conjunto con el Senado. En ese marco, Rogelio Frigerio asegur\u00f3 que los legisladores alineados a los mandatarios conformar\u00e1n un frente com\u00fan en&#8230;<\/p>\n","protected":false},"author":3,"featured_media":112818,"comment_status":"closed","ping_status":"closed","sticky":false,"template":"","format":"standard","meta":[],"categories":[18],"tags":[],"_links":{"self":[{"href":"https:\/\/www.actualidadadiario.com\/index.php\/wp-json\/wp\/v2\/posts\/112817"}],"collection":[{"href":"https:\/\/www.actualidadadiario.com\/index.php\/wp-json\/wp\/v2\/posts"}],"about":[{"href":"https:\/\/www.actualidadadiario.com\/index.php\/wp-json\/wp\/v2\/types\/post"}],"author":[{"embeddable":true,"href":"https:\/\/www.actualidadadiario.com\/index.php\/wp-json\/wp\/v2\/users\/3"}],"replies":[{"embeddable":true,"href":"https:\/\/www.actualidadadiario.com\/index.php\/wp-json\/wp\/v2\/comments?post=112817"}],"version-history":[{"count":1,"href":"https:\/\/www.actualidadadiario.com\/index.php\/wp-json\/wp\/v2\/posts\/112817\/revisions"}],"predecessor-version":[{"id":112819,"href":"https:\/\/www.actualidadadiario.com\/index.php\/wp-json\/wp\/v2\/posts\/112817\/revisions\/112819"}],"wp:featuredmedia":[{"embeddable":true,"href":"https:\/\/www.actualidadadiario.com\/index.php\/wp-json\/wp\/v2\/media\/112818"}],"wp:attachment":[{"href":"https:\/\/www.actualidadadiario.com\/index.php\/wp-json\/wp\/v2\/media?parent=112817"}],"wp:term":[{"taxonomy":"category","embeddable":true,"href":"https:\/\/www.actualidadadiario.com\/index.php\/wp-json\/wp\/v2\/categories?post=112817"},{"taxonomy":"post_tag","embeddable":true,"href":"https:\/\/www.actualidadadiario.com\/index.php\/wp-json\/wp\/v2\/tags?post=112817"}],"curies":[{"name":"wp","href":"https:\/\/api.w.org\/{rel}","templated":true}]}}