{"id":112806,"date":"2024-01-04T15:06:09","date_gmt":"2024-01-04T18:06:09","guid":{"rendered":"https:\/\/www.actualidadadiario.com\/?p=112806"},"modified":"2024-01-04T15:06:09","modified_gmt":"2024-01-04T18:06:09","slug":"habilitaron-la-feria-judicial-por-el-amparo-contra-la-totalidad-del-dnu-de-milei","status":"publish","type":"post","link":"https:\/\/www.actualidadadiario.com\/index.php\/2024\/01\/04\/habilitaron-la-feria-judicial-por-el-amparo-contra-la-totalidad-del-dnu-de-milei\/","title":{"rendered":"Habilitaron la feria judicial por el amparo contra la totalidad del DNU de Milei"},"content":{"rendered":"<p style=\"text-align: center;\"><em><strong>Fue tras el reclamo de una asociaci\u00f3n civil que apunta a la inconstitucionalidad del mega decreto. S\u00f3lo por ahora hubo cautelares contra el apartado de reformas laborales<\/strong><\/em><\/p>\n<p>&nbsp;<\/p>\n<p>&nbsp;<\/p>\n<p>El juez Enrique Lavie Pico habilit\u00f3 la feria judicial de verano para tramitar los amparos que reclaman la inconstitucionalidad de la totalidad del Decreto de Necesidad y Urgencia (DNU) de Javier Milei.<\/p>\n<p>Es una presentaci\u00f3n hecha por el Observatorio del Derecho a la Ciudad que el magistrado, quien subroga ese juzgado cuyo titular es Esteban Furnari y est\u00e1 de feria, dispuso el levantamiento del receso para tratarlo y definir si es o no inconstitucional.<\/p>\n<p>Adem\u00e1s, el juez habilit\u00f3 un pedido del Gobierno Nacional para que \u00e9ste juez reclame al fuero laboral, donde hubo dos cautelares frenando el apartado referido a reformas laborales, y todos los amparos se acumulen en su juzgado.<\/p>\n<p>Hasta el momento s\u00f3lo hubo dos amparos de la C\u00e1mara Nacional del Trabajo suspendiendo el cap\u00edtulo de reformas laborales, una haciendo un reclamo de la CGT y otro reciente de la CTA.<\/p>\n","protected":false},"excerpt":{"rendered":"<p>Fue tras el reclamo de una asociaci\u00f3n civil que apunta a la inconstitucionalidad del mega decreto. S\u00f3lo por ahora hubo cautelares contra el apartado de reformas laborales &nbsp; &nbsp; El juez Enrique Lavie Pico habilit\u00f3 la feria judicial de verano para tramitar los amparos que reclaman la inconstitucionalidad de la totalidad del Decreto de Necesidad y Urgencia (DNU) de Javier Milei. Es una presentaci\u00f3n hecha por el Observatorio del Derecho a la Ciudad que el magistrado, quien subroga ese juzgado cuyo titular es Esteban Furnari y est\u00e1 de feria, dispuso&#8230;<\/p>\n","protected":false},"author":3,"featured_media":112807,"comment_status":"closed","ping_status":"closed","sticky":false,"template":"","format":"standard","meta":[],"categories":[9],"tags":[],"_links":{"self":[{"href":"https:\/\/www.actualidadadiario.com\/index.php\/wp-json\/wp\/v2\/posts\/112806"}],"collection":[{"href":"https:\/\/www.actualidadadiario.com\/index.php\/wp-json\/wp\/v2\/posts"}],"about":[{"href":"https:\/\/www.actualidadadiario.com\/index.php\/wp-json\/wp\/v2\/types\/post"}],"author":[{"embeddable":true,"href":"https:\/\/www.actualidadadiario.com\/index.php\/wp-json\/wp\/v2\/users\/3"}],"replies":[{"embeddable":true,"href":"https:\/\/www.actualidadadiario.com\/index.php\/wp-json\/wp\/v2\/comments?post=112806"}],"version-history":[{"count":1,"href":"https:\/\/www.actualidadadiario.com\/index.php\/wp-json\/wp\/v2\/posts\/112806\/revisions"}],"predecessor-version":[{"id":112808,"href":"https:\/\/www.actualidadadiario.com\/index.php\/wp-json\/wp\/v2\/posts\/112806\/revisions\/112808"}],"wp:featuredmedia":[{"embeddable":true,"href":"https:\/\/www.actualidadadiario.com\/index.php\/wp-json\/wp\/v2\/media\/112807"}],"wp:attachment":[{"href":"https:\/\/www.actualidadadiario.com\/index.php\/wp-json\/wp\/v2\/media?parent=112806"}],"wp:term":[{"taxonomy":"category","embeddable":true,"href":"https:\/\/www.actualidadadiario.com\/index.php\/wp-json\/wp\/v2\/categories?post=112806"},{"taxonomy":"post_tag","embeddable":true,"href":"https:\/\/www.actualidadadiario.com\/index.php\/wp-json\/wp\/v2\/tags?post=112806"}],"curies":[{"name":"wp","href":"https:\/\/api.w.org\/{rel}","templated":true}]}}