{"id":112796,"date":"2024-01-04T11:20:37","date_gmt":"2024-01-04T14:20:37","guid":{"rendered":"https:\/\/www.actualidadadiario.com\/?p=112796"},"modified":"2024-01-04T11:20:37","modified_gmt":"2024-01-04T14:20:37","slug":"tucuman-reabrira-los-comedores-escolares-durante-las-vacaciones-de-verano","status":"publish","type":"post","link":"https:\/\/www.actualidadadiario.com\/index.php\/2024\/01\/04\/tucuman-reabrira-los-comedores-escolares-durante-las-vacaciones-de-verano\/","title":{"rendered":"Tucum\u00e1n reabrir\u00e1 los comedores escolares durante las vacaciones de verano"},"content":{"rendered":"<p style=\"text-align: center;\"><em><strong>La medida adoptada por el gobernador Osvaldo Jaldo alcanzar\u00e1 a 103.670 ni\u00f1os y ni\u00f1as de la provincia que habitualmente almuerzan en sus escuelas<\/strong><\/em><\/p>\n<p>&nbsp;<\/p>\n<p>&nbsp;<\/p>\n<p>El gobernador de Tucum\u00e1n, Osvaldo Jaldo, decidi\u00f3 reabrir los comedores escolares para de la provincia para que 103.670 ni\u00f1os puedan seguir almorzando en las instituciones durante las vacaciones de verano.<\/p>\n<p>A partir de este mi\u00e9rcoles, y a lo largo de todo enero y febrero, 45 escuelas preparar\u00e1n las viandas para los 12.800 alumnos de establecimientos donde no se pueden preparar las comidas.<\/p>\n<p>Los padres podr\u00e1n retirar las viandas y llevar para sus hijos un paquete de alimentos secos, con 12 art\u00edculos que contendr\u00e1n huevo, caballa, harina, fideos y arroz. Todos estos ingredientes componen las viandas en un nivel nutritivo.<\/p>\n<p>&nbsp;<\/p>\n<p>Federico Masso, ministro de Desarrollo Social de la provincia adelant\u00f3 en una entrevista radial c\u00f3mo funcionar\u00e1 el sistema y asegur\u00f3 que implementar\u00e1n esta medida como consecuencia de las necesidades b\u00e1sicas que la poblaci\u00f3n m\u00e1s humilde no puede satisfacer.<\/p>\n<p>El funcionario dijo que la administraci\u00f3n elimin\u00f3 gastos superfluos para generar un ahorro de $4.000 millones para que pueda ser puesto a disposici\u00f3n de las familias que peor la est\u00e1n pasando.<\/p>\n<p>&#8220;Hay \u00e1reas sensibles como Desarrollo, Salud y Educaci\u00f3n, en las que estamos haciendo un esfuerzo muy grande para llegar a cientos de miles de tucumanos&#8221;, subray\u00f3 Masso. Adem\u00e1s subray\u00f3 que se hab\u00eda trabajado &#8220;muy fuerte con organizaciones de la sociedad civil y social para terminar 2023 con paz social&#8221;.<\/p>\n<p>La primera etapa en marcha consiste en llevar tranquilidad hasta el 31 de enero. Asegur\u00f3: &#8220;Estamos cubiertos con los insumos para todos los actores sobre todo en alimentos&#8221;.<\/p>\n<p>&nbsp;<\/p>\n<p>&nbsp;<\/p>\n<p><strong>Masso revel\u00f3 que preparan una reuni\u00f3n entre los ministros provinciales y el secretario de Desarrollo Social de la Naci\u00f3n<\/strong><\/p>\n<p>Asimismo, revel\u00f3 estar en conversaciones con sus pares provinciales para concretar en los pr\u00f3ximos d\u00edas un encuentro de los 24 ministros del \u00e1rea con el secretario de Desarrollo Social de la Naci\u00f3n, Pablo de la Torre, &#8220;y si es necesario con la ministra de Capital Humano, Sandra Pettovello.<\/p>\n<p>Adem\u00e1s dijo que est\u00e1n trabajando en un informe para detallar su gesti\u00f3n hasta el 31 de enero para &#8220;ver c\u00f3mo impact\u00f3 el aumento de las prestaciones en salud y desarrollo social&#8221;.<\/p>\n<p>Para los primeros d\u00edas de febrero estar\u00e1 terminado otro reporte pero del \u00e1rea educativa, ya que &#8220;hay estimaciones de que miles de padres retirar\u00e1n a sus hijos de los colegios privados para inscribirlos en las escuelas p\u00fablicas debido a que no podr\u00e1n hacer frente a las cuotas&#8221;, se\u00f1al\u00f3.<\/p>\n","protected":false},"excerpt":{"rendered":"<p>La medida adoptada por el gobernador Osvaldo Jaldo alcanzar\u00e1 a 103.670 ni\u00f1os y ni\u00f1as de la provincia que habitualmente almuerzan en sus escuelas &nbsp; &nbsp; El gobernador de Tucum\u00e1n, Osvaldo Jaldo, decidi\u00f3 reabrir los comedores escolares para de la provincia para que 103.670 ni\u00f1os puedan seguir almorzando en las instituciones durante las vacaciones de verano. A partir de este mi\u00e9rcoles, y a lo largo de todo enero y febrero, 45 escuelas preparar\u00e1n las viandas para los 12.800 alumnos de establecimientos donde no se pueden preparar las comidas. Los padres podr\u00e1n&#8230;<\/p>\n","protected":false},"author":3,"featured_media":61616,"comment_status":"closed","ping_status":"closed","sticky":false,"template":"","format":"standard","meta":[],"categories":[2],"tags":[],"_links":{"self":[{"href":"https:\/\/www.actualidadadiario.com\/index.php\/wp-json\/wp\/v2\/posts\/112796"}],"collection":[{"href":"https:\/\/www.actualidadadiario.com\/index.php\/wp-json\/wp\/v2\/posts"}],"about":[{"href":"https:\/\/www.actualidadadiario.com\/index.php\/wp-json\/wp\/v2\/types\/post"}],"author":[{"embeddable":true,"href":"https:\/\/www.actualidadadiario.com\/index.php\/wp-json\/wp\/v2\/users\/3"}],"replies":[{"embeddable":true,"href":"https:\/\/www.actualidadadiario.com\/index.php\/wp-json\/wp\/v2\/comments?post=112796"}],"version-history":[{"count":1,"href":"https:\/\/www.actualidadadiario.com\/index.php\/wp-json\/wp\/v2\/posts\/112796\/revisions"}],"predecessor-version":[{"id":112797,"href":"https:\/\/www.actualidadadiario.com\/index.php\/wp-json\/wp\/v2\/posts\/112796\/revisions\/112797"}],"wp:featuredmedia":[{"embeddable":true,"href":"https:\/\/www.actualidadadiario.com\/index.php\/wp-json\/wp\/v2\/media\/61616"}],"wp:attachment":[{"href":"https:\/\/www.actualidadadiario.com\/index.php\/wp-json\/wp\/v2\/media?parent=112796"}],"wp:term":[{"taxonomy":"category","embeddable":true,"href":"https:\/\/www.actualidadadiario.com\/index.php\/wp-json\/wp\/v2\/categories?post=112796"},{"taxonomy":"post_tag","embeddable":true,"href":"https:\/\/www.actualidadadiario.com\/index.php\/wp-json\/wp\/v2\/tags?post=112796"}],"curies":[{"name":"wp","href":"https:\/\/api.w.org\/{rel}","templated":true}]}}